[{"@context":"https:\/\/schema.org\/","@type":"Article","@id":"https:\/\/www.meribel.cz\/zajimave-na-sebe-upozornete\/#Article","mainEntityOfPage":"https:\/\/www.meribel.cz\/zajimave-na-sebe-upozornete\/","headline":"Zaj\u00edmav\u011b na sebe upozorn\u011bte","name":"Zaj\u00edmav\u011b na sebe upozorn\u011bte","description":"R\u00e1di byste n\u011bjak\u00fdm zp\u016fsobem zaujali svoje okol\u00ed a upozornili jej na svoje podnik\u00e1n\u00ed? Tak to &hellip; ","datePublished":"2024-10-28","dateModified":"2024-10-28","author":{"@type":"Person","@id":"https:\/\/www.meribel.cz\/author\/devene\/#Person","name":"devene","url":"https:\/\/www.meribel.cz\/author\/devene\/","identifier":1,"image":{"@type":"ImageObject","@id":"https:\/\/secure.gravatar.com\/avatar\/15c4177f6d86975c976af12ba80b10af7add2f97f8786f8cf1596253472c0ea7?s=96&d=mm&r=g","url":"https:\/\/secure.gravatar.com\/avatar\/15c4177f6d86975c976af12ba80b10af7add2f97f8786f8cf1596253472c0ea7?s=96&d=mm&r=g","height":96,"width":96}},"publisher":{"@type":"Organization","name":"meribel.cz","logo":{"@type":"ImageObject","@id":"\/logo.png","url":"\/logo.png","width":600,"height":60}},"url":"https:\/\/www.meribel.cz\/zajimave-na-sebe-upozornete\/","wordCount":256,"articleBody":"\tR\u00e1di byste n\u011bjak\u00fdm zp\u016fsobem zaujali svoje okol\u00ed a upozornili jej na svoje podnik\u00e1n\u00ed? Tak to si m\u016f\u017eete b\u00fdt jist\u00ed t\u00edm, \u017ee kdy\u017e se na n\u00e1s obr\u00e1t\u00edte, tak rozhodn\u011b nebudete litovat. A co V\u00e1m m\u016f\u017eeme nab\u00eddnout? Reklamn\u00ed propisky jsou v\u00a0dne\u0161n\u00ed dob\u011b skute\u010dn\u011b v\u00a0m\u00f3d\u011b, to V\u00e1m zaru\u010dujeme. Uvid\u00edte, \u017ee se V\u00e1m v\u017edy budou hodit, m\u016f\u017eete je toti\u017e pou\u017e\u00edt jako zaj\u00edmav\u00fd a origin\u00e1ln\u00ed d\u00e1rek pro svoje z\u00e1kazn\u00edky. A kdy\u017e Va\u0161i z\u00e1kazn\u00edci budou tento d\u00e1rek pou\u017e\u00edvat, budou na V\u00e1s z\u00e1rove\u0148 upozor\u0148ovat, co\u017e se V\u00e1m zaru\u010den\u011b v\u017edy hod\u00ed. Proto nev\u00e1hejte a vsa\u010fte na to, co pro V\u00e1s m\u00e1me.\tVyu\u017eijte toho, co V\u00e1m nab\u00edz\u00edmeProto nev\u00e1hejte a vyu\u017eijte na\u0161\u00ed nab\u00eddky, jsme si naprosto jist\u00ed t\u00edm, \u017ee s\u00a0n\u00ed budete velice spokojen\u00ed. My u\u017e se r\u00e1di p\u0159izp\u016fsob\u00edme Va\u0161im po\u017eadavk\u016fm a zajist\u00edme, abyste byli nadm\u00edru spokojeni. M\u00e1me pro V\u00e1s na v\u00fdb\u011br z\u00a0mnoha r\u016fzn\u00fdch druh\u016f, tvar\u016f \u010di barev. Na potisk od n\u00e1s se m\u016f\u017eete spolehnout, je velice kvalitn\u00ed a spolehliv\u00fd. Samoz\u0159ejm\u011b z\u00e1le\u017e\u00ed pouze na V\u00e1s, co zvol\u00edte jako vhodn\u00fd motiv, my u\u017e se postar\u00e1me o to, aby se V\u00e1m do rukou dostal velice kvalitn\u00ed produkt.                                                                                                                                                                                                                                                                                                                                                                                        4\/5 - (1 vote)        "},{"@context":"https:\/\/schema.org\/","@type":"BreadcrumbList","itemListElement":[{"@type":"ListItem","position":1,"name":"Zaj\u00edmav\u011b na sebe upozorn\u011bte","item":"https:\/\/www.meribel.cz\/zajimave-na-sebe-upozornete\/#breadcrumbitem"}]}]