[{"@context":"https:\/\/schema.org\/","@type":"Article","@id":"https:\/\/www.meribel.cz\/vyberte-si-nekterou-z-nasich-provozoven\/#Article","mainEntityOfPage":"https:\/\/www.meribel.cz\/vyberte-si-nekterou-z-nasich-provozoven\/","headline":"Vyberte si n\u011bkterou z na\u0161ich provozoven","name":"Vyberte si n\u011bkterou z na\u0161ich provozoven","description":"R\u00e1di bychom v\u00e1m nab\u00eddli mo\u017enost p\u0159esp\u00e1n\u00ed v na\u0161\u00ed ubytovn\u011b Praha. K dispozici m\u00e1me hned n\u011bkolik &hellip; ","datePublished":"2025-02-08","dateModified":"2025-02-08","author":{"@type":"Person","@id":"https:\/\/www.meribel.cz\/author\/devene\/#Person","name":"devene","url":"https:\/\/www.meribel.cz\/author\/devene\/","identifier":1,"image":{"@type":"ImageObject","@id":"https:\/\/secure.gravatar.com\/avatar\/15c4177f6d86975c976af12ba80b10af7add2f97f8786f8cf1596253472c0ea7?s=96&d=mm&r=g","url":"https:\/\/secure.gravatar.com\/avatar\/15c4177f6d86975c976af12ba80b10af7add2f97f8786f8cf1596253472c0ea7?s=96&d=mm&r=g","height":96,"width":96}},"publisher":{"@type":"Organization","name":"meribel.cz","logo":{"@type":"ImageObject","@id":"\/logo.png","url":"\/logo.png","width":600,"height":60}},"url":"https:\/\/www.meribel.cz\/vyberte-si-nekterou-z-nasich-provozoven\/","wordCount":184,"articleBody":"R\u00e1di bychom v\u00e1m nab\u00eddli mo\u017enost p\u0159esp\u00e1n\u00ed v na\u0161\u00ed ubytovn\u011b Praha. K dispozici m\u00e1me hned n\u011bkolik provozoven. Jsou um\u00edst\u011bny na r\u016fzn\u00fdch m\u00edstech na\u0161eho hlavn\u00edho m\u011bsta. Sami se rozhodn\u011bte, kde to bude pro v\u00e1s nejv\u00fdhodn\u011bj\u0161\u00ed. Tam si pak sv\u016fj pokoj zarezervujte. Bude-li obsazen, zvolte jinou. Ur\u010dit\u011b se i pro v\u00e1s n\u011bkde m\u00edsto najde. V p\u0159\u00edpad\u011b va\u0161eho z\u00e1jmu n\u00e1s nev\u00e1hejte kontaktovat. Jsou pobl\u00ed\u017e zast\u00e1vek m\u011bstsk\u00e9 hromadn\u00e9 dopravy V\u0161em z\u00e1jemc\u016fm umo\u017en\u00edme z\u00edskat pokoj v na\u0161\u00ed ubytovn\u011b Praha. Je\u0161t\u011b z domova m\u016f\u017eete vyu\u017e\u00edt na\u0161eho rezerva\u010dn\u00edho syst\u00e9mu. Nen\u00ed zapot\u0159eb\u00ed telefonovat nebo ps\u00e1t emaily. Budeme v\u00e1s \u010dekat. V\u011b\u0159\u00edme, \u017ee i v\u00e1m se u n\u00e1s bude l\u00edbit. Na recepc\u00edch v\u00e1s p\u0159iv\u00edtaj\u00ed. K p\u0159eprav\u011b na m\u00edsto ur\u010den\u00ed m\u016f\u017eete vyu\u017e\u00edt slu\u017eeb m\u011bstsk\u00e9 hromadn\u00e9 dopravy. V jejich bl\u00edzkosti n\u00e1s najdete.                                                                                                                                                                                                                                                                                                                                                                                                "},{"@context":"https:\/\/schema.org\/","@type":"BreadcrumbList","itemListElement":[{"@type":"ListItem","position":1,"name":"Vyberte si n\u011bkterou z na\u0161ich provozoven","item":"https:\/\/www.meribel.cz\/vyberte-si-nekterou-z-nasich-provozoven\/#breadcrumbitem"}]}]