[{"@context":"https:\/\/schema.org\/","@type":"Article","@id":"https:\/\/www.meribel.cz\/tyden-konci-vikend-zacina\/#Article","mainEntityOfPage":"https:\/\/www.meribel.cz\/tyden-konci-vikend-zacina\/","headline":"T\u00fdden kon\u010d\u00ed, v\u00edkend za\u010d\u00edn\u00e1","name":"T\u00fdden kon\u010d\u00ed, v\u00edkend za\u010d\u00edn\u00e1","description":"Hur\u00e1 a je tady op\u011bt v\u00edkend. Poj\u010fme si ho u\u017e\u00edt. P\u00e1te\u010dn\u00edm odpolednem by se dalo &hellip; ","datePublished":"2024-12-29","dateModified":"2024-12-29","author":{"@type":"Person","@id":"https:\/\/www.meribel.cz\/author\/devene\/#Person","name":"devene","url":"https:\/\/www.meribel.cz\/author\/devene\/","identifier":1,"image":{"@type":"ImageObject","@id":"https:\/\/secure.gravatar.com\/avatar\/15c4177f6d86975c976af12ba80b10af7add2f97f8786f8cf1596253472c0ea7?s=96&d=mm&r=g","url":"https:\/\/secure.gravatar.com\/avatar\/15c4177f6d86975c976af12ba80b10af7add2f97f8786f8cf1596253472c0ea7?s=96&d=mm&r=g","height":96,"width":96}},"publisher":{"@type":"Organization","name":"meribel.cz","logo":{"@type":"ImageObject","@id":"\/logo.png","url":"\/logo.png","width":600,"height":60}},"url":"https:\/\/www.meribel.cz\/tyden-konci-vikend-zacina\/","wordCount":225,"articleBody":"Hur\u00e1 a je tady op\u011bt v\u00edkend. Poj\u010fme si ho u\u017e\u00edt. P\u00e1te\u010dn\u00edm odpolednem by se dalo \u0159\u00edct, \u017ee u\u017e v\u00edkend za\u010d\u00edn\u00e1. Po pr\u00e1ci jdou v\u0161ichni u\u017e z vesela dom\u016f. \u00dasm\u011bv od ucha k uchu, proto\u017ee je \u010dek\u00e1 kr\u00e1sn\u00fd dlouh\u00fd voln\u00fd v\u00edkend. Chyst\u00e1n\u00ed na ve\u010dern\u00ed grilova\u010dku v\u00e1s nemine. Rozeh\u0159ejeme krby, p\u0159ilo\u017e\u00edme d\u0159evem \u010di uhl\u00edm do ohn\u011b a u\u017e u\u017e vy\u010dk\u00e1v\u00e1me p\u0159\u00edchod prvn\u00edch n\u00e1v\u0161t\u011bvn\u00edk\u016f. Z\u00e1bava v pln\u00e9m proudu Hned jak p\u0159ich\u00e1z\u00ed, nachyst\u00e1 se na st\u016fl n\u011bco dobr\u00e9ho na zub. M\u016f\u017eeme si jako prvn\u00ed dop\u0159\u00e1t n\u011bco krapet studen\u00e9ho na ochlazen\u00ed, v\u00fdborn\u00e1 mo\u017enost pro tuto chv\u00edli je zmrzlina. Oko\u0159en\u00edme maso, aby l\u00e9pe chutnalo, a \u0161up s n\u00edm na gril. M\u016f\u017eeme si ud\u011blat jak ku\u0159ec\u00ed tak i vep\u0159ov\u00e9, ve fantazii se meze nekladou. P\u0159\u00edpadn\u011b pro n\u011bkter\u00e9 vegetari\u00e1ny p\u0159id\u00e1me trochu zeleniny. Jednoduch\u00fd dressing zvl\u00e1dne ka\u017ed\u00fd b\u011bhem p\u00e1r minut. P\u0159ihod\u00edme pe\u010divo dle libosti a je vystar\u00e1no. Z\u00e1bava m\u016f\u017ee za\u010d\u00edt a skon\u010dit a\u017e s rann\u00edm sv\u00edt\u00e1n\u00edm.                                                                                                                                                                                                                                                                                                                                                                                        3.5\/5 - (2 votes)        "},{"@context":"https:\/\/schema.org\/","@type":"BreadcrumbList","itemListElement":[{"@type":"ListItem","position":1,"name":"T\u00fdden kon\u010d\u00ed, v\u00edkend za\u010d\u00edn\u00e1","item":"https:\/\/www.meribel.cz\/tyden-konci-vikend-zacina\/#breadcrumbitem"}]}]