[{"@context":"https:\/\/schema.org\/","@type":"Article","@id":"https:\/\/www.meribel.cz\/sidla-byvaji-i-virtualni\/#Article","mainEntityOfPage":"https:\/\/www.meribel.cz\/sidla-byvaji-i-virtualni\/","headline":"S\u00eddla b\u00fdvaj\u00ed i virtu\u00e1ln\u00ed","name":"S\u00eddla b\u00fdvaj\u00ed i virtu\u00e1ln\u00ed","description":"Je logick\u00e9, \u017ee k tomu, aby firma mohla n\u011bco produkovat, s n\u011b\u010d\u00edm obchodovat, n\u011bkde se &hellip; ","datePublished":"2020-09-16","dateModified":"2023-05-01","author":{"@type":"Person","@id":"https:\/\/www.meribel.cz\/author\/devene\/#Person","name":"devene","url":"https:\/\/www.meribel.cz\/author\/devene\/","identifier":1,"image":{"@type":"ImageObject","@id":"https:\/\/secure.gravatar.com\/avatar\/15c4177f6d86975c976af12ba80b10af7add2f97f8786f8cf1596253472c0ea7?s=96&d=mm&r=g","url":"https:\/\/secure.gravatar.com\/avatar\/15c4177f6d86975c976af12ba80b10af7add2f97f8786f8cf1596253472c0ea7?s=96&d=mm&r=g","height":96,"width":96}},"publisher":{"@type":"Organization","name":"meribel.cz","logo":{"@type":"ImageObject","@id":"\/logo.png","url":"\/logo.png","width":600,"height":60}},"image":{"@type":"ImageObject","@id":"https:\/\/www.meribel.cz\/wp-content\/uploads\/dopisn%C3%AD%20ob%C3%A1lka.png","url":"https:\/\/www.meribel.cz\/wp-content\/uploads\/dopisn%C3%AD%20ob%C3%A1lka.png","height":0,"width":0},"url":"https:\/\/www.meribel.cz\/sidla-byvaji-i-virtualni\/","about":["N\u00e1kupy"],"wordCount":416,"articleBody":"     Je logick\u00e9, \u017ee k tomu, aby firma mohla n\u011bco produkovat, s n\u011b\u010d\u00edm obchodovat, n\u011bkde se setk\u00e1vat se sv\u00fdmi z\u00e1kazn\u00edky a podobn\u011b, pot\u0159ebuje k tomuto vhodn\u00fd objekt. V\u011bt\u0161ina podnikatelsk\u00fdch aktivit se p\u0159ece ned\u00e1 provozovat jen tak n\u011bkde pod \u0161ir\u00fdm nebem. Ale ani takov\u00e1 p\u0159ed okam\u017eikem zm\u00edn\u011bn\u00e1 provozovna nemus\u00ed v\u017edy sta\u010dit. A kdy\u017e je tato z jak\u00e9hokoliv d\u016fvodu nevhodn\u00e1, lze si dnes u\u017e za\u0159\u00eddit i jej\u00ed alternativu, je\u017e sice st\u0159echu nad hlavou skoro neposkytuje, ale p\u0159esto je prosp\u011b\u0161n\u00e1. Tedy lze si z\u0159\u00eddit i pouh\u00e9 virtu\u00e1ln\u00ed s\u00eddlo, je\u017e m\u016f\u017ee b\u00fdt doty\u010dn\u00e9 firm\u011b prosp\u011b\u0161n\u00e9.Takov\u00e9 virtu\u00e1ln\u00ed s\u00eddlo spole\u010dnosti Ostrava Virtu\u00e1ln\u00ed kancel\u00e1\u0159 Ostrava m\u016f\u017ee p\u0159ij\u00edt vhod leckomu z podnikatelsk\u00fdch nebo \u017eivnostensk\u00fdch kruh\u016f, pota\u017emo pr\u00e1vnick\u00fdm osob\u00e1m. Jde o s\u00eddlo spole\u010dnosti, m\u00edsto podnik\u00e1n\u00ed a kontaktn\u00ed adresu na skv\u011ble dostupn\u00e9 adrese, ve vlastn\u00ed budov\u011b poskytovatele t\u00e9to slu\u017eby, spojen\u00e9 s nab\u00eddkou denn\u00ed evidence a informov\u00e1n\u00ed o do\u0161l\u00fdch po\u0161tovn\u00edch z\u00e1silk\u00e1ch e-mailem. Spolu se smlouvou tu ka\u017ed\u00fd z\u00edsk\u00e1 \u010dty\u0159hodinov\u00fd bezplatn\u00fd pron\u00e1jem kancel\u00e1\u0159e s mo\u017enost\u00ed n\u00e1sledn\u00e9ho vyu\u017e\u00edv\u00e1n\u00ed za pouhou pades\u00e1tikorunu na hodinu a parkovac\u00ed m\u00edsto p\u0159ed budovou, je tu mo\u017en\u00e9 p\u0159eb\u00edr\u00e1n\u00ed korespondence a dal\u0161\u00edch z\u00e1silek, v\u010detn\u011b t\u011bch doporu\u010den\u00fdch, recepce tu m\u016f\u017ee vy\u0159izovat i kontakty s klientov\u00fdmi z\u00e1kazn\u00edky.Ka\u017ed\u00fd z\u00e1jemce tu tak z\u00edsk\u00e1 za tu nejni\u017e\u0161\u00ed mo\u017enou cenu maxim\u00e1ln\u00ed z\u00e1zem\u00ed pro sv\u00e9 podnik\u00e1n\u00ed, sv\u00e9 ostravsk\u00e9 firemn\u00ed s\u00eddlo s koresponden\u010dn\u00ed adresou. P\u0159i\u010dem\u017e lze toto z\u00edskat jak p\u0159i osobn\u00ed n\u00e1v\u0161t\u011bv\u011b kancel\u00e1\u0159e poskytovatele t\u00e9to slu\u017eby, tak i koresponden\u010dn\u00ed formou. A sta\u010d\u00ed klidn\u011b i jenom odeslat e-mailem nebo p\u0159es formul\u00e1\u0159 I\u010cO nebo inici\u00e1ly, pokud firma dosud nevznikla, a smlouva se m\u016f\u017ee podepsat klidn\u011b i je\u0161t\u011b t\u00fd\u017e den. A pro sv\u00e9 z\u00e1kazn\u00edky tu vy\u0159\u00edd\u00ed t\u0159eba i byrokracii souvisej\u00edc\u00ed se zm\u011bnou s\u00eddla, je-li toto v Ostrav\u011b.A to m\u016f\u017ee b\u00fdt neoceniteln\u00e1 slu\u017eba pro jakoukoliv spole\u010dnost nebo \u017eivnostn\u00edka, v\u010detn\u011b t\u011bch nemaj\u00edc\u00edch doposud sv\u00e9 I\u010c.                                                                                                                                                                                                                                                                                                                                                                                          3.9\/5 - (9 votes)        "},{"@context":"https:\/\/schema.org\/","@type":"BreadcrumbList","itemListElement":[{"@type":"ListItem","position":1,"name":"S\u00eddla b\u00fdvaj\u00ed i virtu\u00e1ln\u00ed","item":"https:\/\/www.meribel.cz\/sidla-byvaji-i-virtualni\/#breadcrumbitem"}]}]