[{"@context":"https:\/\/schema.org\/","@type":"Article","@id":"https:\/\/www.meribel.cz\/se-stehovanim-si-nemusite-delat-starosti\/#Article","mainEntityOfPage":"https:\/\/www.meribel.cz\/se-stehovanim-si-nemusite-delat-starosti\/","headline":"Se st\u011bhov\u00e1n\u00edm si nemus\u00edte d\u011blat starosti","name":"Se st\u011bhov\u00e1n\u00edm si nemus\u00edte d\u011blat starosti","description":"Se st\u011bhov\u00e1n\u00edm po Praze m\u00e1te opravdu bohat\u00e9 zku\u0161enosti. V tomto m\u011bst\u011b p\u0159eci jenom bydl\u00edte u\u017e &hellip; ","datePublished":"2024-12-06","dateModified":"2024-12-06","author":{"@type":"Person","@id":"https:\/\/www.meribel.cz\/author\/devene\/#Person","name":"devene","url":"https:\/\/www.meribel.cz\/author\/devene\/","identifier":1,"image":{"@type":"ImageObject","@id":"https:\/\/secure.gravatar.com\/avatar\/15c4177f6d86975c976af12ba80b10af7add2f97f8786f8cf1596253472c0ea7?s=96&d=mm&r=g","url":"https:\/\/secure.gravatar.com\/avatar\/15c4177f6d86975c976af12ba80b10af7add2f97f8786f8cf1596253472c0ea7?s=96&d=mm&r=g","height":96,"width":96}},"publisher":{"@type":"Organization","name":"meribel.cz","logo":{"@type":"ImageObject","@id":"\/logo.png","url":"\/logo.png","width":600,"height":60}},"url":"https:\/\/www.meribel.cz\/se-stehovanim-si-nemusite-delat-starosti\/","wordCount":256,"articleBody":"Se st\u011bhov\u00e1n\u00edm po Praze m\u00e1te opravdu bohat\u00e9 zku\u0161enosti. V tomto m\u011bst\u011b p\u0159eci jenom bydl\u00edte u\u017e n\u011bjakou dobu a p\u00e1r Va\u0161ich zn\u00e1m\u00fdch se za tu dobu rozhodlo zm\u011bnit bydli\u0161t\u011b. Vy jste jim v\u017edy ochotn\u011b \u0161il pomoci a rozhodn\u011b v\u00edte, \u017ee to nebylo tak dobr\u00e9 rozhodnut\u00ed. Takov\u00e1 akce je toti\u017e mnohem n\u00e1ro\u010dn\u011bj\u0161\u00ed, ne\u017e se m\u016f\u017ee zd\u00e1t. No\u0161en\u00ed velmi t\u011b\u017ek\u00fdch v\u011bc\u00ed ze schod\u016f a do schod\u016f rozhodn\u011b nen\u00ed dobr\u00e9 pro ni\u010d\u00ed zdrav\u00ed. Nav\u00edc ta n\u00e1maha, bolav\u00e9 svaly a nekone\u010dn\u00e9 p\u0159ej\u00ed\u017ed\u011bn\u00ed ze star\u00e9ho bydlen\u00ed do nov\u00e9ho. Jen si to p\u0159edstav\u00edte a d\u011bl\u00e1 se V\u00e1m nevolno. Je tu i jin\u00e1 mo\u017enost Proto kdy\u017e jste n\u011bco takov\u00e9ho pl\u00e1novali Vy, rozhodli jste se, \u017ee nebudete obt\u011b\u017eovat Va\u0161e p\u0159\u00e1tele, ale rad\u011bji se obr\u00e1t\u00edte na n\u011bkoho, kdo m\u00e1 s n\u011b\u010d\u00edm takov\u00fdm zku\u0161enosti a velmi r\u00e1d za V\u00e1s pr\u00e1ci ud\u011bl\u00e1. A pr\u00e1v\u011b proto jste najali spole\u010dnost, kter\u00e1 se t\u00e9to \u010dinnosti v\u011bnuje a v\u0161e prob\u011bhlo bez jak\u00fdchkoliv probl\u00e9m\u016f. Cel\u00e1 akce prob\u00edhala p\u0159esn\u011b podle domluvy a Vy jste se nemuseli t\u00e9m\u011b\u0159 ni\u010d\u00edm zab\u00fdvat, co\u017e ocen\u00ed snad ka\u017ed\u00fd, kdo si ji\u017e n\u011b\u010d\u00edm takov\u00fdm pro\u0161el a v\u00ed, jak\u00e9 peklo to m\u016f\u017ee opravdu b\u00fdt.                                                                                                                                                                                                                                                                                                                                                                                        3.5\/5 - (2 votes)        "},{"@context":"https:\/\/schema.org\/","@type":"BreadcrumbList","itemListElement":[{"@type":"ListItem","position":1,"name":"Se st\u011bhov\u00e1n\u00edm si nemus\u00edte d\u011blat starosti","item":"https:\/\/www.meribel.cz\/se-stehovanim-si-nemusite-delat-starosti\/#breadcrumbitem"}]}]