[{"@context":"https:\/\/schema.org\/","@type":"Blog","@id":"https:\/\/www.meribel.cz#Blog","headline":"Meribel","description":"\nJestli dne\u0161n\u00ed lid\u00e9 nemohou bez n\u011b\u010deho obst\u00e1t, pak bez pen\u011bz. Ka\u017ed\u00fd mus\u00ed nakupovat to, co pot\u0159ebuje, a to se bez pen\u011bz prost\u011b zvl\u00e1dnout ned\u00e1.","url":"https:\/\/www.meribel.cz","hasPart":[{"@type":"Article","@id":"https:\/\/www.meribel.cz\/vyberte-si-nekterou-z-nasich-provozoven\/","headline":"Vyberte si n\u011bkterou z na\u0161ich provozoven","url":"https:\/\/www.meribel.cz\/vyberte-si-nekterou-z-nasich-provozoven\/","datePublished":"2025-02-08","dateModified":"2025-02-08","mainEntityOfPage":"https:\/\/www.meribel.cz\/vyberte-si-nekterou-z-nasich-provozoven\/","author":{"@type":"Person","@id":"https:\/\/www.meribel.cz\/author\/devene\/#Person","name":"devene","url":"https:\/\/www.meribel.cz\/author\/devene\/","identifier":1,"image":{"@type":"ImageObject","@id":"https:\/\/secure.gravatar.com\/avatar\/15c4177f6d86975c976af12ba80b10af7add2f97f8786f8cf1596253472c0ea7?s=96&d=mm&r=g","url":"https:\/\/secure.gravatar.com\/avatar\/15c4177f6d86975c976af12ba80b10af7add2f97f8786f8cf1596253472c0ea7?s=96&d=mm&r=g","height":96,"width":96}},"publisher":{"@type":"Organization","name":"meribel.cz","logo":{"@type":"ImageObject","@id":"\/logo.png","url":"\/logo.png","width":600,"height":60}},"image":null,"wordCount":234,"keywords":null},{"@type":"Article","@id":"https:\/\/www.meribel.cz\/pobavte-se-s-prateli\/","headline":"Pobavte se s p\u0159\u00e1teli","url":"https:\/\/www.meribel.cz\/pobavte-se-s-prateli\/","datePublished":"2025-02-01","dateModified":"2025-02-01","mainEntityOfPage":"https:\/\/www.meribel.cz\/pobavte-se-s-prateli\/","author":{"@type":"Person","@id":"https:\/\/www.meribel.cz\/author\/devene\/#Person","name":"devene","url":"https:\/\/www.meribel.cz\/author\/devene\/","identifier":1,"image":{"@type":"ImageObject","@id":"https:\/\/secure.gravatar.com\/avatar\/15c4177f6d86975c976af12ba80b10af7add2f97f8786f8cf1596253472c0ea7?s=96&d=mm&r=g","url":"https:\/\/secure.gravatar.com\/avatar\/15c4177f6d86975c976af12ba80b10af7add2f97f8786f8cf1596253472c0ea7?s=96&d=mm&r=g","height":96,"width":96}},"publisher":{"@type":"Organization","name":"meribel.cz","logo":{"@type":"ImageObject","@id":"\/logo.png","url":"\/logo.png","width":600,"height":60}},"image":null,"wordCount":260,"keywords":null},{"@type":"Article","@id":"https:\/\/www.meribel.cz\/kouzelnik-pro-deti-pomaha-i-nam-dospelym\/","headline":"Kouzeln\u00edk pro d\u011bti pom\u00e1h\u00e1 i n\u00e1m dosp\u011bl\u00fdm","url":"https:\/\/www.meribel.cz\/kouzelnik-pro-deti-pomaha-i-nam-dospelym\/","datePublished":"2025-01-24","dateModified":"2025-01-24","mainEntityOfPage":"https:\/\/www.meribel.cz\/kouzelnik-pro-deti-pomaha-i-nam-dospelym\/","author":{"@type":"Person","@id":"https:\/\/www.meribel.cz\/author\/devene\/#Person","name":"devene","url":"https:\/\/www.meribel.cz\/author\/devene\/","identifier":1,"image":{"@type":"ImageObject","@id":"https:\/\/secure.gravatar.com\/avatar\/15c4177f6d86975c976af12ba80b10af7add2f97f8786f8cf1596253472c0ea7?s=96&d=mm&r=g","url":"https:\/\/secure.gravatar.com\/avatar\/15c4177f6d86975c976af12ba80b10af7add2f97f8786f8cf1596253472c0ea7?s=96&d=mm&r=g","height":96,"width":96}},"publisher":{"@type":"Organization","name":"meribel.cz","logo":{"@type":"ImageObject","@id":"\/logo.png","url":"\/logo.png","width":600,"height":60}},"image":{"@type":"ImageObject","@id":"https:\/\/www.meribel.cz\/wp-content\/uploads\/rabbit-4103102_640_8.jpg","url":"https:\/\/www.meribel.cz\/wp-content\/uploads\/rabbit-4103102_640_8.jpg","height":0,"width":0},"wordCount":583,"keywords":null},{"@type":"Article","@id":"https:\/\/www.meribel.cz\/kdy-do-duchodu\/","headline":"Kdy do d\u016fchodu","url":"https:\/\/www.meribel.cz\/kdy-do-duchodu\/","datePublished":"2025-01-22","dateModified":"2025-01-22","mainEntityOfPage":"https:\/\/www.meribel.cz\/kdy-do-duchodu\/","author":{"@type":"Person","@id":"https:\/\/www.meribel.cz\/author\/devene\/#Person","name":"devene","url":"https:\/\/www.meribel.cz\/author\/devene\/","identifier":1,"image":{"@type":"ImageObject","@id":"https:\/\/secure.gravatar.com\/avatar\/15c4177f6d86975c976af12ba80b10af7add2f97f8786f8cf1596253472c0ea7?s=96&d=mm&r=g","url":"https:\/\/secure.gravatar.com\/avatar\/15c4177f6d86975c976af12ba80b10af7add2f97f8786f8cf1596253472c0ea7?s=96&d=mm&r=g","height":96,"width":96}},"publisher":{"@type":"Organization","name":"meribel.cz","logo":{"@type":"ImageObject","@id":"\/logo.png","url":"\/logo.png","width":600,"height":60}},"image":null,"wordCount":202,"keywords":null},{"@type":"Article","@id":"https:\/\/www.meribel.cz\/do-kancelare-ale-i-domu\/","headline":"Do kancel\u00e1\u0159e, ale i dom\u016f","url":"https:\/\/www.meribel.cz\/do-kancelare-ale-i-domu\/","datePublished":"2025-01-18","dateModified":"2025-01-18","mainEntityOfPage":"https:\/\/www.meribel.cz\/do-kancelare-ale-i-domu\/","author":{"@type":"Person","@id":"https:\/\/www.meribel.cz\/author\/devene\/#Person","name":"devene","url":"https:\/\/www.meribel.cz\/author\/devene\/","identifier":1,"image":{"@type":"ImageObject","@id":"https:\/\/secure.gravatar.com\/avatar\/15c4177f6d86975c976af12ba80b10af7add2f97f8786f8cf1596253472c0ea7?s=96&d=mm&r=g","url":"https:\/\/secure.gravatar.com\/avatar\/15c4177f6d86975c976af12ba80b10af7add2f97f8786f8cf1596253472c0ea7?s=96&d=mm&r=g","height":96,"width":96}},"publisher":{"@type":"Organization","name":"meribel.cz","logo":{"@type":"ImageObject","@id":"\/logo.png","url":"\/logo.png","width":600,"height":60}},"image":null,"wordCount":235,"keywords":null},{"@type":"Article","@id":"https:\/\/www.meribel.cz\/dovolena-v-krusnych-horach-s-vozem-z-autopujcovny\/","headline":"Dovolen\u00e1 v Kru\u0161n\u00fdch hor\u00e1ch s vozem z autop\u016fj\u010dovny","url":"https:\/\/www.meribel.cz\/dovolena-v-krusnych-horach-s-vozem-z-autopujcovny\/","datePublished":"2025-01-11","dateModified":"2025-01-11","mainEntityOfPage":"https:\/\/www.meribel.cz\/dovolena-v-krusnych-horach-s-vozem-z-autopujcovny\/","author":{"@type":"Person","@id":"https:\/\/www.meribel.cz\/author\/devene\/#Person","name":"devene","url":"https:\/\/www.meribel.cz\/author\/devene\/","identifier":1,"image":{"@type":"ImageObject","@id":"https:\/\/secure.gravatar.com\/avatar\/15c4177f6d86975c976af12ba80b10af7add2f97f8786f8cf1596253472c0ea7?s=96&d=mm&r=g","url":"https:\/\/secure.gravatar.com\/avatar\/15c4177f6d86975c976af12ba80b10af7add2f97f8786f8cf1596253472c0ea7?s=96&d=mm&r=g","height":96,"width":96}},"publisher":{"@type":"Organization","name":"meribel.cz","logo":{"@type":"ImageObject","@id":"\/logo.png","url":"\/logo.png","width":600,"height":60}},"image":{"@type":"ImageObject","@id":"https:\/\/www.meribel.cz\/wp-content\/uploads\/driving-school-397292_640_4.jpg","url":"https:\/\/www.meribel.cz\/wp-content\/uploads\/driving-school-397292_640_4.jpg","height":0,"width":0},"wordCount":591,"keywords":null},{"@type":"Article","@id":"https:\/\/www.meribel.cz\/machovo-jezero-chatky\/","headline":"M\u00e1chovo jezero chatky","url":"https:\/\/www.meribel.cz\/machovo-jezero-chatky\/","datePublished":"2025-01-09","dateModified":"2025-01-09","mainEntityOfPage":"https:\/\/www.meribel.cz\/machovo-jezero-chatky\/","author":{"@type":"Person","@id":"https:\/\/www.meribel.cz\/author\/devene\/#Person","name":"devene","url":"https:\/\/www.meribel.cz\/author\/devene\/","identifier":1,"image":{"@type":"ImageObject","@id":"https:\/\/secure.gravatar.com\/avatar\/15c4177f6d86975c976af12ba80b10af7add2f97f8786f8cf1596253472c0ea7?s=96&d=mm&r=g","url":"https:\/\/secure.gravatar.com\/avatar\/15c4177f6d86975c976af12ba80b10af7add2f97f8786f8cf1596253472c0ea7?s=96&d=mm&r=g","height":96,"width":96}},"publisher":{"@type":"Organization","name":"meribel.cz","logo":{"@type":"ImageObject","@id":"\/logo.png","url":"\/logo.png","width":600,"height":60}},"image":null,"wordCount":248,"keywords":null},{"@type":"Article","@id":"https:\/\/www.meribel.cz\/budte-opet-sva-bez-jakehokoli-priznaku-klimakteria\/","headline":"Bu\u010fte op\u011bt sv\u00e1 bez jak\u00e9hokoli p\u0159\u00edznaku klimakteria","url":"https:\/\/www.meribel.cz\/budte-opet-sva-bez-jakehokoli-priznaku-klimakteria\/","datePublished":"2025-01-02","dateModified":"2025-01-02","mainEntityOfPage":"https:\/\/www.meribel.cz\/budte-opet-sva-bez-jakehokoli-priznaku-klimakteria\/","author":{"@type":"Person","@id":"https:\/\/www.meribel.cz\/author\/devene\/#Person","name":"devene","url":"https:\/\/www.meribel.cz\/author\/devene\/","identifier":1,"image":{"@type":"ImageObject","@id":"https:\/\/secure.gravatar.com\/avatar\/15c4177f6d86975c976af12ba80b10af7add2f97f8786f8cf1596253472c0ea7?s=96&d=mm&r=g","url":"https:\/\/secure.gravatar.com\/avatar\/15c4177f6d86975c976af12ba80b10af7add2f97f8786f8cf1596253472c0ea7?s=96&d=mm&r=g","height":96,"width":96}},"publisher":{"@type":"Organization","name":"meribel.cz","logo":{"@type":"ImageObject","@id":"\/logo.png","url":"\/logo.png","width":600,"height":60}},"image":null,"wordCount":208,"keywords":null},{"@type":"Article","@id":"https:\/\/www.meribel.cz\/tyden-konci-vikend-zacina\/","headline":"T\u00fdden kon\u010d\u00ed, v\u00edkend za\u010d\u00edn\u00e1","url":"https:\/\/www.meribel.cz\/tyden-konci-vikend-zacina\/","datePublished":"2024-12-29","dateModified":"2024-12-29","mainEntityOfPage":"https:\/\/www.meribel.cz\/tyden-konci-vikend-zacina\/","author":{"@type":"Person","@id":"https:\/\/www.meribel.cz\/author\/devene\/#Person","name":"devene","url":"https:\/\/www.meribel.cz\/author\/devene\/","identifier":1,"image":{"@type":"ImageObject","@id":"https:\/\/secure.gravatar.com\/avatar\/15c4177f6d86975c976af12ba80b10af7add2f97f8786f8cf1596253472c0ea7?s=96&d=mm&r=g","url":"https:\/\/secure.gravatar.com\/avatar\/15c4177f6d86975c976af12ba80b10af7add2f97f8786f8cf1596253472c0ea7?s=96&d=mm&r=g","height":96,"width":96}},"publisher":{"@type":"Organization","name":"meribel.cz","logo":{"@type":"ImageObject","@id":"\/logo.png","url":"\/logo.png","width":600,"height":60}},"image":null,"wordCount":271,"keywords":null},{"@type":"Article","@id":"https:\/\/www.meribel.cz\/poridte-si-prvotridni-hlinikovou-zahradu\/","headline":"Po\u0159i\u010fte si prvot\u0159\u00eddn\u00ed hlin\u00edkovou zahradu","url":"https:\/\/www.meribel.cz\/poridte-si-prvotridni-hlinikovou-zahradu\/","datePublished":"2024-12-23","dateModified":"2024-12-23","mainEntityOfPage":"https:\/\/www.meribel.cz\/poridte-si-prvotridni-hlinikovou-zahradu\/","author":{"@type":"Person","@id":"https:\/\/www.meribel.cz\/author\/devene\/#Person","name":"devene","url":"https:\/\/www.meribel.cz\/author\/devene\/","identifier":1,"image":{"@type":"ImageObject","@id":"https:\/\/secure.gravatar.com\/avatar\/15c4177f6d86975c976af12ba80b10af7add2f97f8786f8cf1596253472c0ea7?s=96&d=mm&r=g","url":"https:\/\/secure.gravatar.com\/avatar\/15c4177f6d86975c976af12ba80b10af7add2f97f8786f8cf1596253472c0ea7?s=96&d=mm&r=g","height":96,"width":96}},"publisher":{"@type":"Organization","name":"meribel.cz","logo":{"@type":"ImageObject","@id":"\/logo.png","url":"\/logo.png","width":600,"height":60}},"image":null,"wordCount":227,"keywords":null}]},{"@context":"https:\/\/schema.org","@type":"WebSite","@id":"https:\/\/www.meribel.cz\/#website","name":"Meribel","url":"https:\/\/www.meribel.cz","potentialAction":{"@type":"SearchAction","target":"https:\/\/www.meribel.cz\/?s={search_term_string}","query-input":"required name=search_term_string"}}]