[{"@context":"https:\/\/schema.org\/","@type":"Blog","@id":"https:\/\/www.meribel.cz#Blog","headline":"Meribel","description":"\nJestli dne\u0161n\u00ed lid\u00e9 nemohou bez n\u011b\u010deho obst\u00e1t, pak bez pen\u011bz. Ka\u017ed\u00fd mus\u00ed nakupovat to, co pot\u0159ebuje, a to se bez pen\u011bz prost\u011b zvl\u00e1dnout ned\u00e1.","url":"https:\/\/www.meribel.cz","hasPart":[{"@type":"Article","@id":"https:\/\/www.meribel.cz\/vyhodne-uvery-na-bydleni-pro-mlade-rodiny\/","headline":"V\u00fdhodn\u00e9 \u00fav\u011bry na bydlen\u00ed pro mlad\u00e9 rodiny","url":"https:\/\/www.meribel.cz\/vyhodne-uvery-na-bydleni-pro-mlade-rodiny\/","datePublished":"2025-03-03","dateModified":"2023-05-01","mainEntityOfPage":"https:\/\/www.meribel.cz\/vyhodne-uvery-na-bydleni-pro-mlade-rodiny\/","author":{"@type":"Person","@id":"https:\/\/www.meribel.cz\/author\/devene\/#Person","name":"devene","url":"https:\/\/www.meribel.cz\/author\/devene\/","identifier":1,"image":{"@type":"ImageObject","@id":"https:\/\/secure.gravatar.com\/avatar\/15c4177f6d86975c976af12ba80b10af7add2f97f8786f8cf1596253472c0ea7?s=96&d=mm&r=g","url":"https:\/\/secure.gravatar.com\/avatar\/15c4177f6d86975c976af12ba80b10af7add2f97f8786f8cf1596253472c0ea7?s=96&d=mm&r=g","height":96,"width":96}},"publisher":{"@type":"Organization","name":"meribel.cz","logo":{"@type":"ImageObject","@id":"\/logo.png","url":"\/logo.png","width":600,"height":60}},"image":{"@type":"ImageObject","@id":"https:\/\/www.meribel.cz\/wp-content\/uploads\/img_a295370_w2150_t1506782113.jpg","url":"https:\/\/www.meribel.cz\/wp-content\/uploads\/img_a295370_w2150_t1506782113.jpg","height":0,"width":0},"wordCount":491,"keywords":null},{"@type":"Article","@id":"https:\/\/www.meribel.cz\/veganstvi-nejen-znamka-respektu-k-zivym-tvorum\/","headline":"Veganstv\u00ed &#8211; nejen zn\u00e1mka respektu k \u017eiv\u00fdm tvor\u016fm","url":"https:\/\/www.meribel.cz\/veganstvi-nejen-znamka-respektu-k-zivym-tvorum\/","datePublished":"2025-03-03","dateModified":"2023-05-01","mainEntityOfPage":"https:\/\/www.meribel.cz\/veganstvi-nejen-znamka-respektu-k-zivym-tvorum\/","author":{"@type":"Person","@id":"https:\/\/www.meribel.cz\/author\/devene\/#Person","name":"devene","url":"https:\/\/www.meribel.cz\/author\/devene\/","identifier":1,"image":{"@type":"ImageObject","@id":"https:\/\/secure.gravatar.com\/avatar\/15c4177f6d86975c976af12ba80b10af7add2f97f8786f8cf1596253472c0ea7?s=96&d=mm&r=g","url":"https:\/\/secure.gravatar.com\/avatar\/15c4177f6d86975c976af12ba80b10af7add2f97f8786f8cf1596253472c0ea7?s=96&d=mm&r=g","height":96,"width":96}},"publisher":{"@type":"Organization","name":"meribel.cz","logo":{"@type":"ImageObject","@id":"\/logo.png","url":"\/logo.png","width":600,"height":60}},"image":{"@type":"ImageObject","@id":"https:\/\/www.meribel.cz\/wp-content\/uploads\/img_a291793_w2285_t1504172319.jpg","url":"https:\/\/www.meribel.cz\/wp-content\/uploads\/img_a291793_w2285_t1504172319.jpg","height":0,"width":0},"wordCount":525,"keywords":null},{"@type":"Article","@id":"https:\/\/www.meribel.cz\/jak-si-zit-ve-vate\/","headline":"Jak si \u017e\u00edt ve vat\u011b?","url":"https:\/\/www.meribel.cz\/jak-si-zit-ve-vate\/","datePublished":"2025-03-02","dateModified":"2023-05-01","mainEntityOfPage":"https:\/\/www.meribel.cz\/jak-si-zit-ve-vate\/","author":{"@type":"Person","@id":"https:\/\/www.meribel.cz\/author\/devene\/#Person","name":"devene","url":"https:\/\/www.meribel.cz\/author\/devene\/","identifier":1,"image":{"@type":"ImageObject","@id":"https:\/\/secure.gravatar.com\/avatar\/15c4177f6d86975c976af12ba80b10af7add2f97f8786f8cf1596253472c0ea7?s=96&d=mm&r=g","url":"https:\/\/secure.gravatar.com\/avatar\/15c4177f6d86975c976af12ba80b10af7add2f97f8786f8cf1596253472c0ea7?s=96&d=mm&r=g","height":96,"width":96}},"publisher":{"@type":"Organization","name":"meribel.cz","logo":{"@type":"ImageObject","@id":"\/logo.png","url":"\/logo.png","width":600,"height":60}},"image":{"@type":"ImageObject","@id":"https:\/\/www.meribel.cz\/wp-content\/uploads\/img_a303486_w2157_t1513803719.jpg","url":"https:\/\/www.meribel.cz\/wp-content\/uploads\/img_a303486_w2157_t1513803719.jpg","height":0,"width":0},"wordCount":540,"keywords":null},{"@type":"Article","@id":"https:\/\/www.meribel.cz\/mejte-servis-vaseho-auta-na-prvnim-miste\/","headline":"M\u011bjte servis va\u0161eho auta na prvn\u00edm m\u00edst\u011b","url":"https:\/\/www.meribel.cz\/mejte-servis-vaseho-auta-na-prvnim-miste\/","datePublished":"2025-03-01","dateModified":"2023-05-01","mainEntityOfPage":"https:\/\/www.meribel.cz\/mejte-servis-vaseho-auta-na-prvnim-miste\/","author":{"@type":"Person","@id":"https:\/\/www.meribel.cz\/author\/devene\/#Person","name":"devene","url":"https:\/\/www.meribel.cz\/author\/devene\/","identifier":1,"image":{"@type":"ImageObject","@id":"https:\/\/secure.gravatar.com\/avatar\/15c4177f6d86975c976af12ba80b10af7add2f97f8786f8cf1596253472c0ea7?s=96&d=mm&r=g","url":"https:\/\/secure.gravatar.com\/avatar\/15c4177f6d86975c976af12ba80b10af7add2f97f8786f8cf1596253472c0ea7?s=96&d=mm&r=g","height":96,"width":96}},"publisher":{"@type":"Organization","name":"meribel.cz","logo":{"@type":"ImageObject","@id":"\/logo.png","url":"\/logo.png","width":600,"height":60}},"image":{"@type":"ImageObject","@id":"https:\/\/www.meribel.cz\/wp-content\/uploads\/img_a311243_w2233_t1522137096.jpg","url":"https:\/\/www.meribel.cz\/wp-content\/uploads\/img_a311243_w2233_t1522137096.jpg","height":0,"width":0},"wordCount":585,"keywords":null},{"@type":"Article","@id":"https:\/\/www.meribel.cz\/maji-cesi-zajem-o-divadelni-predstaveni\/","headline":"MAJ\u00cd \u010cE\u0160I Z\u00c1JEM O DIVADELN\u00cd P\u0158EDSTAVEN\u00cd?","url":"https:\/\/www.meribel.cz\/maji-cesi-zajem-o-divadelni-predstaveni\/","datePublished":"2025-02-28","dateModified":"2023-05-01","mainEntityOfPage":"https:\/\/www.meribel.cz\/maji-cesi-zajem-o-divadelni-predstaveni\/","author":{"@type":"Person","@id":"https:\/\/www.meribel.cz\/author\/devene\/#Person","name":"devene","url":"https:\/\/www.meribel.cz\/author\/devene\/","identifier":1,"image":{"@type":"ImageObject","@id":"https:\/\/secure.gravatar.com\/avatar\/15c4177f6d86975c976af12ba80b10af7add2f97f8786f8cf1596253472c0ea7?s=96&d=mm&r=g","url":"https:\/\/secure.gravatar.com\/avatar\/15c4177f6d86975c976af12ba80b10af7add2f97f8786f8cf1596253472c0ea7?s=96&d=mm&r=g","height":96,"width":96}},"publisher":{"@type":"Organization","name":"meribel.cz","logo":{"@type":"ImageObject","@id":"\/logo.png","url":"\/logo.png","width":600,"height":60}},"image":{"@type":"ImageObject","@id":"https:\/\/www.meribel.cz\/wp-content\/uploads\/img_a294305_w2374_t1506247704.jpg","url":"https:\/\/www.meribel.cz\/wp-content\/uploads\/img_a294305_w2374_t1506247704.jpg","height":0,"width":0},"wordCount":480,"keywords":null},{"@type":"Article","@id":"https:\/\/www.meribel.cz\/jak-by-vypadal-zivot-bez-internetu\/","headline":"Jak by vypadal \u017eivot bez internetu?","url":"https:\/\/www.meribel.cz\/jak-by-vypadal-zivot-bez-internetu\/","datePublished":"2025-02-27","dateModified":"2023-05-01","mainEntityOfPage":"https:\/\/www.meribel.cz\/jak-by-vypadal-zivot-bez-internetu\/","author":{"@type":"Person","@id":"https:\/\/www.meribel.cz\/author\/devene\/#Person","name":"devene","url":"https:\/\/www.meribel.cz\/author\/devene\/","identifier":1,"image":{"@type":"ImageObject","@id":"https:\/\/secure.gravatar.com\/avatar\/15c4177f6d86975c976af12ba80b10af7add2f97f8786f8cf1596253472c0ea7?s=96&d=mm&r=g","url":"https:\/\/secure.gravatar.com\/avatar\/15c4177f6d86975c976af12ba80b10af7add2f97f8786f8cf1596253472c0ea7?s=96&d=mm&r=g","height":96,"width":96}},"publisher":{"@type":"Organization","name":"meribel.cz","logo":{"@type":"ImageObject","@id":"\/logo.png","url":"\/logo.png","width":600,"height":60}},"image":{"@type":"ImageObject","@id":"https:\/\/www.meribel.cz\/wp-content\/uploads\/img_a329911_w2359_t1542450372.jpg","url":"https:\/\/www.meribel.cz\/wp-content\/uploads\/img_a329911_w2359_t1542450372.jpg","height":0,"width":0},"wordCount":4499,"keywords":null},{"@type":"Article","@id":"https:\/\/www.meribel.cz\/zamestnani-s-mnoha-vyhodami\/","headline":"Zam\u011bstn\u00e1n\u00ed s mnoha v\u00fdhodami","url":"https:\/\/www.meribel.cz\/zamestnani-s-mnoha-vyhodami\/","datePublished":"2025-02-25","dateModified":"2025-02-25","mainEntityOfPage":"https:\/\/www.meribel.cz\/zamestnani-s-mnoha-vyhodami\/","author":{"@type":"Person","@id":"https:\/\/www.meribel.cz\/author\/devene\/#Person","name":"devene","url":"https:\/\/www.meribel.cz\/author\/devene\/","identifier":1,"image":{"@type":"ImageObject","@id":"https:\/\/secure.gravatar.com\/avatar\/15c4177f6d86975c976af12ba80b10af7add2f97f8786f8cf1596253472c0ea7?s=96&d=mm&r=g","url":"https:\/\/secure.gravatar.com\/avatar\/15c4177f6d86975c976af12ba80b10af7add2f97f8786f8cf1596253472c0ea7?s=96&d=mm&r=g","height":96,"width":96}},"publisher":{"@type":"Organization","name":"meribel.cz","logo":{"@type":"ImageObject","@id":"\/logo.png","url":"\/logo.png","width":600,"height":60}},"image":null,"wordCount":229,"keywords":null},{"@type":"Article","@id":"https:\/\/www.meribel.cz\/krasna-hudba\/","headline":"Kr\u00e1sn\u00e1 hudba","url":"https:\/\/www.meribel.cz\/krasna-hudba\/","datePublished":"2025-02-20","dateModified":"2025-02-20","mainEntityOfPage":"https:\/\/www.meribel.cz\/krasna-hudba\/","author":{"@type":"Person","@id":"https:\/\/www.meribel.cz\/author\/devene\/#Person","name":"devene","url":"https:\/\/www.meribel.cz\/author\/devene\/","identifier":1,"image":{"@type":"ImageObject","@id":"https:\/\/secure.gravatar.com\/avatar\/15c4177f6d86975c976af12ba80b10af7add2f97f8786f8cf1596253472c0ea7?s=96&d=mm&r=g","url":"https:\/\/secure.gravatar.com\/avatar\/15c4177f6d86975c976af12ba80b10af7add2f97f8786f8cf1596253472c0ea7?s=96&d=mm&r=g","height":96,"width":96}},"publisher":{"@type":"Organization","name":"meribel.cz","logo":{"@type":"ImageObject","@id":"\/logo.png","url":"\/logo.png","width":600,"height":60}},"image":{"@type":"ImageObject","@id":"https:\/\/www.meribel.cz\/wp-content\/uploads\/music-3090204_640_6.jpg","url":"https:\/\/www.meribel.cz\/wp-content\/uploads\/music-3090204_640_6.jpg","height":0,"width":0},"wordCount":610,"keywords":null},{"@type":"Article","@id":"https:\/\/www.meribel.cz\/chorvatsko-dovolena\/","headline":"Chorvatsko dovolen\u00e1","url":"https:\/\/www.meribel.cz\/chorvatsko-dovolena\/","datePublished":"2025-02-18","dateModified":"2025-02-18","mainEntityOfPage":"https:\/\/www.meribel.cz\/chorvatsko-dovolena\/","author":{"@type":"Person","@id":"https:\/\/www.meribel.cz\/author\/devene\/#Person","name":"devene","url":"https:\/\/www.meribel.cz\/author\/devene\/","identifier":1,"image":{"@type":"ImageObject","@id":"https:\/\/secure.gravatar.com\/avatar\/15c4177f6d86975c976af12ba80b10af7add2f97f8786f8cf1596253472c0ea7?s=96&d=mm&r=g","url":"https:\/\/secure.gravatar.com\/avatar\/15c4177f6d86975c976af12ba80b10af7add2f97f8786f8cf1596253472c0ea7?s=96&d=mm&r=g","height":96,"width":96}},"publisher":{"@type":"Organization","name":"meribel.cz","logo":{"@type":"ImageObject","@id":"\/logo.png","url":"\/logo.png","width":600,"height":60}},"image":null,"wordCount":217,"keywords":null},{"@type":"Article","@id":"https:\/\/www.meribel.cz\/prumyslove-cistice-na-kuzi\/","headline":"Pr\u016fmyslov\u00e9 \u010disti\u010de na k\u016f\u017ei","url":"https:\/\/www.meribel.cz\/prumyslove-cistice-na-kuzi\/","datePublished":"2025-02-10","dateModified":"2025-02-10","mainEntityOfPage":"https:\/\/www.meribel.cz\/prumyslove-cistice-na-kuzi\/","author":{"@type":"Person","@id":"https:\/\/www.meribel.cz\/author\/devene\/#Person","name":"devene","url":"https:\/\/www.meribel.cz\/author\/devene\/","identifier":1,"image":{"@type":"ImageObject","@id":"https:\/\/secure.gravatar.com\/avatar\/15c4177f6d86975c976af12ba80b10af7add2f97f8786f8cf1596253472c0ea7?s=96&d=mm&r=g","url":"https:\/\/secure.gravatar.com\/avatar\/15c4177f6d86975c976af12ba80b10af7add2f97f8786f8cf1596253472c0ea7?s=96&d=mm&r=g","height":96,"width":96}},"publisher":{"@type":"Organization","name":"meribel.cz","logo":{"@type":"ImageObject","@id":"\/logo.png","url":"\/logo.png","width":600,"height":60}},"image":null,"wordCount":228,"keywords":null}]},{"@context":"https:\/\/schema.org","@type":"WebSite","@id":"https:\/\/www.meribel.cz\/#website","name":"Meribel","url":"https:\/\/www.meribel.cz","potentialAction":{"@type":"SearchAction","target":"https:\/\/www.meribel.cz\/?s={search_term_string}","query-input":"required name=search_term_string"}}]