[{"@context":"https:\/\/schema.org\/","@type":"Blog","@id":"https:\/\/www.meribel.cz#Blog","headline":"Meribel","description":"\nJestli dne\u0161n\u00ed lid\u00e9 nemohou bez n\u011b\u010deho obst\u00e1t, pak bez pen\u011bz. Ka\u017ed\u00fd mus\u00ed nakupovat to, co pot\u0159ebuje, a to se bez pen\u011bz prost\u011b zvl\u00e1dnout ned\u00e1.","url":"https:\/\/www.meribel.cz","hasPart":[{"@type":"Article","@id":"https:\/\/www.meribel.cz\/za-bourky-v-bezpeci\/","headline":"Za bou\u0159ky v bezpe\u010d\u00ed","url":"https:\/\/www.meribel.cz\/za-bourky-v-bezpeci\/","datePublished":"2025-04-12","dateModified":"2025-04-12","mainEntityOfPage":"https:\/\/www.meribel.cz\/za-bourky-v-bezpeci\/","author":{"@type":"Person","@id":"https:\/\/www.meribel.cz\/author\/devene\/#Person","name":"devene","url":"https:\/\/www.meribel.cz\/author\/devene\/","identifier":1,"image":{"@type":"ImageObject","@id":"https:\/\/secure.gravatar.com\/avatar\/15c4177f6d86975c976af12ba80b10af7add2f97f8786f8cf1596253472c0ea7?s=96&d=mm&r=g","url":"https:\/\/secure.gravatar.com\/avatar\/15c4177f6d86975c976af12ba80b10af7add2f97f8786f8cf1596253472c0ea7?s=96&d=mm&r=g","height":96,"width":96}},"publisher":{"@type":"Organization","name":"meribel.cz","logo":{"@type":"ImageObject","@id":"\/logo.png","url":"\/logo.png","width":600,"height":60}},"image":{"@type":"ImageObject","@id":"https:\/\/www.meribel.cz\/wp-content\/uploads\/thunderstorm-1768742_640_5.jpg","url":"https:\/\/www.meribel.cz\/wp-content\/uploads\/thunderstorm-1768742_640_5.jpg","height":0,"width":0},"wordCount":553,"keywords":null},{"@type":"Article","@id":"https:\/\/www.meribel.cz\/informace-pro-kazdeho\/","headline":"Informace pro ka\u017ed\u00e9ho!","url":"https:\/\/www.meribel.cz\/informace-pro-kazdeho\/","datePublished":"2025-04-09","dateModified":"2025-04-09","mainEntityOfPage":"https:\/\/www.meribel.cz\/informace-pro-kazdeho\/","author":{"@type":"Person","@id":"https:\/\/www.meribel.cz\/author\/devene\/#Person","name":"devene","url":"https:\/\/www.meribel.cz\/author\/devene\/","identifier":1,"image":{"@type":"ImageObject","@id":"https:\/\/secure.gravatar.com\/avatar\/15c4177f6d86975c976af12ba80b10af7add2f97f8786f8cf1596253472c0ea7?s=96&d=mm&r=g","url":"https:\/\/secure.gravatar.com\/avatar\/15c4177f6d86975c976af12ba80b10af7add2f97f8786f8cf1596253472c0ea7?s=96&d=mm&r=g","height":96,"width":96}},"publisher":{"@type":"Organization","name":"meribel.cz","logo":{"@type":"ImageObject","@id":"\/logo.png","url":"\/logo.png","width":600,"height":60}},"image":null,"wordCount":226,"keywords":null},{"@type":"Article","@id":"https:\/\/www.meribel.cz\/pri-vasich-nakupnich-toulkach-se-zastavte-u-nabidky-na-biokrby\/","headline":"P\u0159i Va\u0161ich n\u00e1kupn\u00edch toulk\u00e1ch se zastavte u nab\u00eddky na biokrby","url":"https:\/\/www.meribel.cz\/pri-vasich-nakupnich-toulkach-se-zastavte-u-nabidky-na-biokrby\/","datePublished":"2025-04-03","dateModified":"2025-04-03","mainEntityOfPage":"https:\/\/www.meribel.cz\/pri-vasich-nakupnich-toulkach-se-zastavte-u-nabidky-na-biokrby\/","author":{"@type":"Person","@id":"https:\/\/www.meribel.cz\/author\/devene\/#Person","name":"devene","url":"https:\/\/www.meribel.cz\/author\/devene\/","identifier":1,"image":{"@type":"ImageObject","@id":"https:\/\/secure.gravatar.com\/avatar\/15c4177f6d86975c976af12ba80b10af7add2f97f8786f8cf1596253472c0ea7?s=96&d=mm&r=g","url":"https:\/\/secure.gravatar.com\/avatar\/15c4177f6d86975c976af12ba80b10af7add2f97f8786f8cf1596253472c0ea7?s=96&d=mm&r=g","height":96,"width":96}},"publisher":{"@type":"Organization","name":"meribel.cz","logo":{"@type":"ImageObject","@id":"\/logo.png","url":"\/logo.png","width":600,"height":60}},"image":null,"wordCount":392,"keywords":null},{"@type":"Article","@id":"https:\/\/www.meribel.cz\/pryc-se-stenicemi\/","headline":"Pry\u010d se \u0161t\u011bnicemi","url":"https:\/\/www.meribel.cz\/pryc-se-stenicemi\/","datePublished":"2025-03-29","dateModified":"2025-03-29","mainEntityOfPage":"https:\/\/www.meribel.cz\/pryc-se-stenicemi\/","author":{"@type":"Person","@id":"https:\/\/www.meribel.cz\/author\/devene\/#Person","name":"devene","url":"https:\/\/www.meribel.cz\/author\/devene\/","identifier":1,"image":{"@type":"ImageObject","@id":"https:\/\/secure.gravatar.com\/avatar\/15c4177f6d86975c976af12ba80b10af7add2f97f8786f8cf1596253472c0ea7?s=96&d=mm&r=g","url":"https:\/\/secure.gravatar.com\/avatar\/15c4177f6d86975c976af12ba80b10af7add2f97f8786f8cf1596253472c0ea7?s=96&d=mm&r=g","height":96,"width":96}},"publisher":{"@type":"Organization","name":"meribel.cz","logo":{"@type":"ImageObject","@id":"\/logo.png","url":"\/logo.png","width":600,"height":60}},"image":{"@type":"ImageObject","@id":"https:\/\/www.meribel.cz\/wp-content\/uploads\/hmyz_c8XzGZ.jpg","url":"https:\/\/www.meribel.cz\/wp-content\/uploads\/hmyz_c8XzGZ.jpg","height":0,"width":0},"wordCount":615,"keywords":null},{"@type":"Article","@id":"https:\/\/www.meribel.cz\/vyzkousejte-novou-online-zabavu\/","headline":"Vyzkou\u0161ejte novou online z\u00e1bavu","url":"https:\/\/www.meribel.cz\/vyzkousejte-novou-online-zabavu\/","datePublished":"2025-03-25","dateModified":"2025-03-25","mainEntityOfPage":"https:\/\/www.meribel.cz\/vyzkousejte-novou-online-zabavu\/","author":{"@type":"Person","@id":"https:\/\/www.meribel.cz\/author\/devene\/#Person","name":"devene","url":"https:\/\/www.meribel.cz\/author\/devene\/","identifier":1,"image":{"@type":"ImageObject","@id":"https:\/\/secure.gravatar.com\/avatar\/15c4177f6d86975c976af12ba80b10af7add2f97f8786f8cf1596253472c0ea7?s=96&d=mm&r=g","url":"https:\/\/secure.gravatar.com\/avatar\/15c4177f6d86975c976af12ba80b10af7add2f97f8786f8cf1596253472c0ea7?s=96&d=mm&r=g","height":96,"width":96}},"publisher":{"@type":"Organization","name":"meribel.cz","logo":{"@type":"ImageObject","@id":"\/logo.png","url":"\/logo.png","width":600,"height":60}},"image":null,"wordCount":224,"keywords":null},{"@type":"Article","@id":"https:\/\/www.meribel.cz\/kam-jet-v-zime-na-prazdniny\/","headline":"Kam jet v zim\u011b na pr\u00e1zdniny?","url":"https:\/\/www.meribel.cz\/kam-jet-v-zime-na-prazdniny\/","datePublished":"2025-03-16","dateModified":"2025-03-16","mainEntityOfPage":"https:\/\/www.meribel.cz\/kam-jet-v-zime-na-prazdniny\/","author":{"@type":"Person","@id":"https:\/\/www.meribel.cz\/author\/devene\/#Person","name":"devene","url":"https:\/\/www.meribel.cz\/author\/devene\/","identifier":1,"image":{"@type":"ImageObject","@id":"https:\/\/secure.gravatar.com\/avatar\/15c4177f6d86975c976af12ba80b10af7add2f97f8786f8cf1596253472c0ea7?s=96&d=mm&r=g","url":"https:\/\/secure.gravatar.com\/avatar\/15c4177f6d86975c976af12ba80b10af7add2f97f8786f8cf1596253472c0ea7?s=96&d=mm&r=g","height":96,"width":96}},"publisher":{"@type":"Organization","name":"meribel.cz","logo":{"@type":"ImageObject","@id":"\/logo.png","url":"\/logo.png","width":600,"height":60}},"image":null,"wordCount":227,"keywords":null},{"@type":"Article","@id":"https:\/\/www.meribel.cz\/spickova-kvalita-za-atraktivni-cenu\/","headline":"\u0160pi\u010dkov\u00e1 kvalita za atraktivn\u00ed cenu","url":"https:\/\/www.meribel.cz\/spickova-kvalita-za-atraktivni-cenu\/","datePublished":"2025-03-07","dateModified":"2025-03-07","mainEntityOfPage":"https:\/\/www.meribel.cz\/spickova-kvalita-za-atraktivni-cenu\/","author":{"@type":"Person","@id":"https:\/\/www.meribel.cz\/author\/devene\/#Person","name":"devene","url":"https:\/\/www.meribel.cz\/author\/devene\/","identifier":1,"image":{"@type":"ImageObject","@id":"https:\/\/secure.gravatar.com\/avatar\/15c4177f6d86975c976af12ba80b10af7add2f97f8786f8cf1596253472c0ea7?s=96&d=mm&r=g","url":"https:\/\/secure.gravatar.com\/avatar\/15c4177f6d86975c976af12ba80b10af7add2f97f8786f8cf1596253472c0ea7?s=96&d=mm&r=g","height":96,"width":96}},"publisher":{"@type":"Organization","name":"meribel.cz","logo":{"@type":"ImageObject","@id":"\/logo.png","url":"\/logo.png","width":600,"height":60}},"image":null,"wordCount":211,"keywords":null},{"@type":"Article","@id":"https:\/\/www.meribel.cz\/anny-ondra-velka-hvezda-s-velkou-odvahou\/","headline":"Anny Ondra \u2013 velk\u00e1 hv\u011bzda s velkou odvahou","url":"https:\/\/www.meribel.cz\/anny-ondra-velka-hvezda-s-velkou-odvahou\/","datePublished":"2025-03-04","dateModified":"2023-05-01","mainEntityOfPage":"https:\/\/www.meribel.cz\/anny-ondra-velka-hvezda-s-velkou-odvahou\/","author":{"@type":"Person","@id":"https:\/\/www.meribel.cz\/author\/devene\/#Person","name":"devene","url":"https:\/\/www.meribel.cz\/author\/devene\/","identifier":1,"image":{"@type":"ImageObject","@id":"https:\/\/secure.gravatar.com\/avatar\/15c4177f6d86975c976af12ba80b10af7add2f97f8786f8cf1596253472c0ea7?s=96&d=mm&r=g","url":"https:\/\/secure.gravatar.com\/avatar\/15c4177f6d86975c976af12ba80b10af7add2f97f8786f8cf1596253472c0ea7?s=96&d=mm&r=g","height":96,"width":96}},"publisher":{"@type":"Organization","name":"meribel.cz","logo":{"@type":"ImageObject","@id":"\/logo.png","url":"\/logo.png","width":600,"height":60}},"image":{"@type":"ImageObject","@id":"https:\/\/www.meribel.cz\/wp-content\/uploads\/img_a326994_w2241_t1539164393.jpg","url":"https:\/\/www.meribel.cz\/wp-content\/uploads\/img_a326994_w2241_t1539164393.jpg","height":0,"width":0},"wordCount":524,"keywords":null},{"@type":"Article","@id":"https:\/\/www.meribel.cz\/uzitecne-chmelove-sisky\/","headline":"U\u017eite\u010dn\u00e9 chmelov\u00e9 \u0161i\u0161ky","url":"https:\/\/www.meribel.cz\/uzitecne-chmelove-sisky\/","datePublished":"2025-03-03","dateModified":"2023-05-01","mainEntityOfPage":"https:\/\/www.meribel.cz\/uzitecne-chmelove-sisky\/","author":{"@type":"Person","@id":"https:\/\/www.meribel.cz\/author\/devene\/#Person","name":"devene","url":"https:\/\/www.meribel.cz\/author\/devene\/","identifier":1,"image":{"@type":"ImageObject","@id":"https:\/\/secure.gravatar.com\/avatar\/15c4177f6d86975c976af12ba80b10af7add2f97f8786f8cf1596253472c0ea7?s=96&d=mm&r=g","url":"https:\/\/secure.gravatar.com\/avatar\/15c4177f6d86975c976af12ba80b10af7add2f97f8786f8cf1596253472c0ea7?s=96&d=mm&r=g","height":96,"width":96}},"publisher":{"@type":"Organization","name":"meribel.cz","logo":{"@type":"ImageObject","@id":"\/logo.png","url":"\/logo.png","width":600,"height":60}},"image":{"@type":"ImageObject","@id":"https:\/\/www.meribel.cz\/wp-content\/uploads\/img_a292501_w2272_t1504906274.jpg","url":"https:\/\/www.meribel.cz\/wp-content\/uploads\/img_a292501_w2272_t1504906274.jpg","height":0,"width":0},"wordCount":509,"keywords":null},{"@type":"Article","@id":"https:\/\/www.meribel.cz\/mate-doma-zviratko\/","headline":"M\u00e1te doma zv\u00ed\u0159\u00e1tko?","url":"https:\/\/www.meribel.cz\/mate-doma-zviratko\/","datePublished":"2025-03-03","dateModified":"2023-05-01","mainEntityOfPage":"https:\/\/www.meribel.cz\/mate-doma-zviratko\/","author":{"@type":"Person","@id":"https:\/\/www.meribel.cz\/author\/devene\/#Person","name":"devene","url":"https:\/\/www.meribel.cz\/author\/devene\/","identifier":1,"image":{"@type":"ImageObject","@id":"https:\/\/secure.gravatar.com\/avatar\/15c4177f6d86975c976af12ba80b10af7add2f97f8786f8cf1596253472c0ea7?s=96&d=mm&r=g","url":"https:\/\/secure.gravatar.com\/avatar\/15c4177f6d86975c976af12ba80b10af7add2f97f8786f8cf1596253472c0ea7?s=96&d=mm&r=g","height":96,"width":96}},"publisher":{"@type":"Organization","name":"meribel.cz","logo":{"@type":"ImageObject","@id":"\/logo.png","url":"\/logo.png","width":600,"height":60}},"image":{"@type":"ImageObject","@id":"https:\/\/www.meribel.cz\/wp-content\/uploads\/img_a295235_w2373_t1506763277.jpg","url":"https:\/\/www.meribel.cz\/wp-content\/uploads\/img_a295235_w2373_t1506763277.jpg","height":0,"width":0},"wordCount":571,"keywords":null}]},{"@context":"https:\/\/schema.org","@type":"WebSite","@id":"https:\/\/www.meribel.cz\/#website","name":"Meribel","url":"https:\/\/www.meribel.cz","potentialAction":{"@type":"SearchAction","target":"https:\/\/www.meribel.cz\/?s={search_term_string}","query-input":"required name=search_term_string"}}]