[{"@context":"https:\/\/schema.org\/","@type":"Blog","@id":"https:\/\/www.meribel.cz#Blog","headline":"Meribel","description":"\nJestli dne\u0161n\u00ed lid\u00e9 nemohou bez n\u011b\u010deho obst\u00e1t, pak bez pen\u011bz. Ka\u017ed\u00fd mus\u00ed nakupovat to, co pot\u0159ebuje, a to se bez pen\u011bz prost\u011b zvl\u00e1dnout ned\u00e1.","url":"https:\/\/www.meribel.cz","hasPart":[{"@type":"Article","@id":"https:\/\/www.meribel.cz\/je-revize-elektro-v-bytech-skutecne-nezbytna\/","headline":"Je revize elektro v bytech skute\u010dn\u011b nezbytn\u00e1?","url":"https:\/\/www.meribel.cz\/je-revize-elektro-v-bytech-skutecne-nezbytna\/","datePublished":"2021-04-12","dateModified":"2023-05-01","mainEntityOfPage":"https:\/\/www.meribel.cz\/je-revize-elektro-v-bytech-skutecne-nezbytna\/","author":{"@type":"Person","@id":"https:\/\/www.meribel.cz\/author\/devene\/#Person","name":"devene","url":"https:\/\/www.meribel.cz\/author\/devene\/","identifier":1,"image":{"@type":"ImageObject","@id":"https:\/\/secure.gravatar.com\/avatar\/15c4177f6d86975c976af12ba80b10af7add2f97f8786f8cf1596253472c0ea7?s=96&d=mm&r=g","url":"https:\/\/secure.gravatar.com\/avatar\/15c4177f6d86975c976af12ba80b10af7add2f97f8786f8cf1596253472c0ea7?s=96&d=mm&r=g","height":96,"width":96}},"publisher":{"@type":"Organization","name":"meribel.cz","logo":{"@type":"ImageObject","@id":"\/logo.png","url":"\/logo.png","width":600,"height":60}},"image":{"@type":"ImageObject","@id":"https:\/\/www.meribel.cz\/wp-content\/uploads\/elektrikar1_10_4.jpg","url":"https:\/\/www.meribel.cz\/wp-content\/uploads\/elektrikar1_10_4.jpg","height":0,"width":0},"wordCount":535,"keywords":null},{"@type":"Article","@id":"https:\/\/www.meribel.cz\/betonove-ploty-na-plzensku-rostou-jiz-radu-let\/","headline":"Betonov\u00e9 ploty na Plze\u0148sku rostou ji\u017e \u0159adu let","url":"https:\/\/www.meribel.cz\/betonove-ploty-na-plzensku-rostou-jiz-radu-let\/","datePublished":"2021-04-12","dateModified":"2023-05-01","mainEntityOfPage":"https:\/\/www.meribel.cz\/betonove-ploty-na-plzensku-rostou-jiz-radu-let\/","author":{"@type":"Person","@id":"https:\/\/www.meribel.cz\/author\/devene\/#Person","name":"devene","url":"https:\/\/www.meribel.cz\/author\/devene\/","identifier":1,"image":{"@type":"ImageObject","@id":"https:\/\/secure.gravatar.com\/avatar\/15c4177f6d86975c976af12ba80b10af7add2f97f8786f8cf1596253472c0ea7?s=96&d=mm&r=g","url":"https:\/\/secure.gravatar.com\/avatar\/15c4177f6d86975c976af12ba80b10af7add2f97f8786f8cf1596253472c0ea7?s=96&d=mm&r=g","height":96,"width":96}},"publisher":{"@type":"Organization","name":"meribel.cz","logo":{"@type":"ImageObject","@id":"\/logo.png","url":"\/logo.png","width":600,"height":60}},"image":{"@type":"ImageObject","@id":"https:\/\/www.meribel.cz\/wp-content\/uploads\/plot%20z%20betonu.JPG","url":"https:\/\/www.meribel.cz\/wp-content\/uploads\/plot%20z%20betonu.JPG","height":0,"width":0},"wordCount":505,"keywords":null},{"@type":"Article","@id":"https:\/\/www.meribel.cz\/reklamni-tasky-na-miru\/","headline":"Reklamn\u00ed ta\u0161ky na m\u00edru","url":"https:\/\/www.meribel.cz\/reklamni-tasky-na-miru\/","datePublished":"2021-04-12","dateModified":"2023-05-01","mainEntityOfPage":"https:\/\/www.meribel.cz\/reklamni-tasky-na-miru\/","author":{"@type":"Person","@id":"https:\/\/www.meribel.cz\/author\/devene\/#Person","name":"devene","url":"https:\/\/www.meribel.cz\/author\/devene\/","identifier":1,"image":{"@type":"ImageObject","@id":"https:\/\/secure.gravatar.com\/avatar\/15c4177f6d86975c976af12ba80b10af7add2f97f8786f8cf1596253472c0ea7?s=96&d=mm&r=g","url":"https:\/\/secure.gravatar.com\/avatar\/15c4177f6d86975c976af12ba80b10af7add2f97f8786f8cf1596253472c0ea7?s=96&d=mm&r=g","height":96,"width":96}},"publisher":{"@type":"Organization","name":"meribel.cz","logo":{"@type":"ImageObject","@id":"\/logo.png","url":"\/logo.png","width":600,"height":60}},"image":{"@type":"ImageObject","@id":"https:\/\/www.meribel.cz\/wp-content\/uploads\/ta%C5%A1ka_1.jpg","url":"https:\/\/www.meribel.cz\/wp-content\/uploads\/ta%C5%A1ka_1.jpg","height":0,"width":0},"wordCount":577,"keywords":null},{"@type":"Article","@id":"https:\/\/www.meribel.cz\/proc-vsadit-na-nebankovniho-poskytovatele-uveru\/","headline":"Pro\u010d vsadit na nebankovn\u00edho poskytovatele \u00fav\u011br\u016f?","url":"https:\/\/www.meribel.cz\/proc-vsadit-na-nebankovniho-poskytovatele-uveru\/","datePublished":"2021-04-12","dateModified":"2023-05-01","mainEntityOfPage":"https:\/\/www.meribel.cz\/proc-vsadit-na-nebankovniho-poskytovatele-uveru\/","author":{"@type":"Person","@id":"https:\/\/www.meribel.cz\/author\/devene\/#Person","name":"devene","url":"https:\/\/www.meribel.cz\/author\/devene\/","identifier":1,"image":{"@type":"ImageObject","@id":"https:\/\/secure.gravatar.com\/avatar\/15c4177f6d86975c976af12ba80b10af7add2f97f8786f8cf1596253472c0ea7?s=96&d=mm&r=g","url":"https:\/\/secure.gravatar.com\/avatar\/15c4177f6d86975c976af12ba80b10af7add2f97f8786f8cf1596253472c0ea7?s=96&d=mm&r=g","height":96,"width":96}},"publisher":{"@type":"Organization","name":"meribel.cz","logo":{"@type":"ImageObject","@id":"\/logo.png","url":"\/logo.png","width":600,"height":60}},"image":{"@type":"ImageObject","@id":"https:\/\/www.meribel.cz\/wp-content\/uploads\/%C5%BEena%20s%20po%C4%8D%C3%ADta%C4%8Dem_1.jpg","url":"https:\/\/www.meribel.cz\/wp-content\/uploads\/%C5%BEena%20s%20po%C4%8D%C3%ADta%C4%8Dem_1.jpg","height":0,"width":0},"wordCount":551,"keywords":null},{"@type":"Article","@id":"https:\/\/www.meribel.cz\/vyberte-si-spravnou-autoskolu\/","headline":"Vyberte si spr\u00e1vnou auto\u0161kolu","url":"https:\/\/www.meribel.cz\/vyberte-si-spravnou-autoskolu\/","datePublished":"2021-04-12","dateModified":"2023-05-01","mainEntityOfPage":"https:\/\/www.meribel.cz\/vyberte-si-spravnou-autoskolu\/","author":{"@type":"Person","@id":"https:\/\/www.meribel.cz\/author\/devene\/#Person","name":"devene","url":"https:\/\/www.meribel.cz\/author\/devene\/","identifier":1,"image":{"@type":"ImageObject","@id":"https:\/\/secure.gravatar.com\/avatar\/15c4177f6d86975c976af12ba80b10af7add2f97f8786f8cf1596253472c0ea7?s=96&d=mm&r=g","url":"https:\/\/secure.gravatar.com\/avatar\/15c4177f6d86975c976af12ba80b10af7add2f97f8786f8cf1596253472c0ea7?s=96&d=mm&r=g","height":96,"width":96}},"publisher":{"@type":"Organization","name":"meribel.cz","logo":{"@type":"ImageObject","@id":"\/logo.png","url":"\/logo.png","width":600,"height":60}},"image":{"@type":"ImageObject","@id":"https:\/\/www.meribel.cz\/wp-content\/uploads\/%C5%99%C3%ADzen%C3%AD%20na%20d%C3%A1lnici_1.jpg","url":"https:\/\/www.meribel.cz\/wp-content\/uploads\/%C5%99%C3%ADzen%C3%AD%20na%20d%C3%A1lnici_1.jpg","height":0,"width":0},"wordCount":692,"keywords":null},{"@type":"Article","@id":"https:\/\/www.meribel.cz\/splneny-sen-dum-u-more\/","headline":"Spln\u011bn\u00fd sen: d\u016fm u mo\u0159e","url":"https:\/\/www.meribel.cz\/splneny-sen-dum-u-more\/","datePublished":"2021-04-11","dateModified":"2023-09-19","mainEntityOfPage":"https:\/\/www.meribel.cz\/splneny-sen-dum-u-more\/","author":{"@type":"Person","@id":"https:\/\/www.meribel.cz\/author\/devene\/#Person","name":"devene","url":"https:\/\/www.meribel.cz\/author\/devene\/","identifier":1,"image":{"@type":"ImageObject","@id":"https:\/\/secure.gravatar.com\/avatar\/15c4177f6d86975c976af12ba80b10af7add2f97f8786f8cf1596253472c0ea7?s=96&d=mm&r=g","url":"https:\/\/secure.gravatar.com\/avatar\/15c4177f6d86975c976af12ba80b10af7add2f97f8786f8cf1596253472c0ea7?s=96&d=mm&r=g","height":96,"width":96}},"publisher":{"@type":"Organization","name":"meribel.cz","logo":{"@type":"ImageObject","@id":"\/logo.png","url":"\/logo.png","width":600,"height":60}},"image":{"@type":"ImageObject","@id":"https:\/\/www.meribel.cz\/wp-content\/uploads\/d%C5%AFm%20u%20mo%C5%99e.jpg","url":"https:\/\/www.meribel.cz\/wp-content\/uploads\/d%C5%AFm%20u%20mo%C5%99e.jpg","height":0,"width":0},"wordCount":1011,"keywords":null},{"@type":"Article","@id":"https:\/\/www.meribel.cz\/jak-dokonale-vybavit-detsky-pokojicek-a-vyhnout-se-pozdejsim-upravam\/","headline":"Jak dokonale vybavit d\u011btsk\u00fd pokoj\u00ed\u010dek a vyhnout se pozd\u011bj\u0161\u00edm \u00faprav\u00e1m?","url":"https:\/\/www.meribel.cz\/jak-dokonale-vybavit-detsky-pokojicek-a-vyhnout-se-pozdejsim-upravam\/","datePublished":"2021-04-11","dateModified":"2023-08-17","mainEntityOfPage":"https:\/\/www.meribel.cz\/jak-dokonale-vybavit-detsky-pokojicek-a-vyhnout-se-pozdejsim-upravam\/","author":{"@type":"Person","@id":"https:\/\/www.meribel.cz\/author\/devene\/#Person","name":"devene","url":"https:\/\/www.meribel.cz\/author\/devene\/","identifier":1,"image":{"@type":"ImageObject","@id":"https:\/\/secure.gravatar.com\/avatar\/15c4177f6d86975c976af12ba80b10af7add2f97f8786f8cf1596253472c0ea7?s=96&d=mm&r=g","url":"https:\/\/secure.gravatar.com\/avatar\/15c4177f6d86975c976af12ba80b10af7add2f97f8786f8cf1596253472c0ea7?s=96&d=mm&r=g","height":96,"width":96}},"publisher":{"@type":"Organization","name":"meribel.cz","logo":{"@type":"ImageObject","@id":"\/logo.png","url":"\/logo.png","width":600,"height":60}},"image":{"@type":"ImageObject","@id":"https:\/\/www.meribel.cz\/wp-content\/uploads\/pexels-photo-4887165.jpeg","url":"https:\/\/www.meribel.cz\/wp-content\/uploads\/pexels-photo-4887165.jpeg","height":0,"width":0},"wordCount":666,"keywords":null},{"@type":"Article","@id":"https:\/\/www.meribel.cz\/detsky-internet-je-zlo\/","headline":"D\u011btsk\u00fd internet je zlo","url":"https:\/\/www.meribel.cz\/detsky-internet-je-zlo\/","datePublished":"2021-04-11","dateModified":"2023-09-18","mainEntityOfPage":"https:\/\/www.meribel.cz\/detsky-internet-je-zlo\/","author":{"@type":"Person","@id":"https:\/\/www.meribel.cz\/author\/devene\/#Person","name":"devene","url":"https:\/\/www.meribel.cz\/author\/devene\/","identifier":1,"image":{"@type":"ImageObject","@id":"https:\/\/secure.gravatar.com\/avatar\/15c4177f6d86975c976af12ba80b10af7add2f97f8786f8cf1596253472c0ea7?s=96&d=mm&r=g","url":"https:\/\/secure.gravatar.com\/avatar\/15c4177f6d86975c976af12ba80b10af7add2f97f8786f8cf1596253472c0ea7?s=96&d=mm&r=g","height":96,"width":96}},"publisher":{"@type":"Organization","name":"meribel.cz","logo":{"@type":"ImageObject","@id":"\/logo.png","url":"\/logo.png","width":600,"height":60}},"image":{"@type":"ImageObject","@id":"https:\/\/www.meribel.cz\/wp-content\/uploads\/film-519948_640.jpg","url":"https:\/\/www.meribel.cz\/wp-content\/uploads\/film-519948_640.jpg","height":0,"width":0},"wordCount":548,"keywords":null},{"@type":"Article","@id":"https:\/\/www.meribel.cz\/svetle-fialove-saty-na-leto-i-po-cely-rok\/","headline":"Sv\u011btle fialov\u00e9 \u0161aty na l\u00e9to i po cel\u00fd rok","url":"https:\/\/www.meribel.cz\/svetle-fialove-saty-na-leto-i-po-cely-rok\/","datePublished":"2021-04-11","dateModified":"2023-05-01","mainEntityOfPage":"https:\/\/www.meribel.cz\/svetle-fialove-saty-na-leto-i-po-cely-rok\/","author":{"@type":"Person","@id":"https:\/\/www.meribel.cz\/author\/devene\/#Person","name":"devene","url":"https:\/\/www.meribel.cz\/author\/devene\/","identifier":1,"image":{"@type":"ImageObject","@id":"https:\/\/secure.gravatar.com\/avatar\/15c4177f6d86975c976af12ba80b10af7add2f97f8786f8cf1596253472c0ea7?s=96&d=mm&r=g","url":"https:\/\/secure.gravatar.com\/avatar\/15c4177f6d86975c976af12ba80b10af7add2f97f8786f8cf1596253472c0ea7?s=96&d=mm&r=g","height":96,"width":96}},"publisher":{"@type":"Organization","name":"meribel.cz","logo":{"@type":"ImageObject","@id":"\/logo.png","url":"\/logo.png","width":600,"height":60}},"image":{"@type":"ImageObject","@id":"https:\/\/www.meribel.cz\/wp-content\/uploads\/%C5%BEena%20ve%20fialov%C3%A9.jpeg","url":"https:\/\/www.meribel.cz\/wp-content\/uploads\/%C5%BEena%20ve%20fialov%C3%A9.jpeg","height":0,"width":0},"wordCount":576,"keywords":null},{"@type":"Article","@id":"https:\/\/www.meribel.cz\/zavit-jako-technicky-prvek\/","headline":"Z\u00e1vit jako technick\u00fd prvek","url":"https:\/\/www.meribel.cz\/zavit-jako-technicky-prvek\/","datePublished":"2021-03-19","dateModified":"2023-05-01","mainEntityOfPage":"https:\/\/www.meribel.cz\/zavit-jako-technicky-prvek\/","author":{"@type":"Person","@id":"https:\/\/www.meribel.cz\/author\/devene\/#Person","name":"devene","url":"https:\/\/www.meribel.cz\/author\/devene\/","identifier":1,"image":{"@type":"ImageObject","@id":"https:\/\/secure.gravatar.com\/avatar\/15c4177f6d86975c976af12ba80b10af7add2f97f8786f8cf1596253472c0ea7?s=96&d=mm&r=g","url":"https:\/\/secure.gravatar.com\/avatar\/15c4177f6d86975c976af12ba80b10af7add2f97f8786f8cf1596253472c0ea7?s=96&d=mm&r=g","height":96,"width":96}},"publisher":{"@type":"Organization","name":"meribel.cz","logo":{"@type":"ImageObject","@id":"\/logo.png","url":"\/logo.png","width":600,"height":60}},"image":{"@type":"ImageObject","@id":"https:\/\/www.meribel.cz\/wp-content\/uploads\/art399132_16x9_20260820_213129_iyIH1K.jpg","url":"https:\/\/www.meribel.cz\/wp-content\/uploads\/art399132_16x9_20260820_213129_iyIH1K.jpg","height":0,"width":0},"wordCount":674,"keywords":null}]},{"@context":"https:\/\/schema.org","@type":"WebSite","@id":"https:\/\/www.meribel.cz\/#website","name":"Meribel","url":"https:\/\/www.meribel.cz","potentialAction":{"@type":"SearchAction","target":"https:\/\/www.meribel.cz\/?s={search_term_string}","query-input":"required name=search_term_string"}}]