[{"@context":"https:\/\/schema.org\/","@type":"Article","@id":"https:\/\/www.meribel.cz\/neco-se-stalo\/#Article","mainEntityOfPage":"https:\/\/www.meribel.cz\/neco-se-stalo\/","headline":"N\u011bco se stalo","name":"N\u011bco se stalo","description":"Pro\u010d mysl\u00edte? Zm\u011bnilo se snad n\u011bco ve va\u0161em \u017eivot\u011b, okol\u00ed, n\u011bco je jinak, ne\u017e jste &hellip; ","datePublished":"2024-11-17","dateModified":"2024-11-17","author":{"@type":"Person","@id":"https:\/\/www.meribel.cz\/author\/devene\/#Person","name":"devene","url":"https:\/\/www.meribel.cz\/author\/devene\/","identifier":1,"image":{"@type":"ImageObject","@id":"https:\/\/secure.gravatar.com\/avatar\/15c4177f6d86975c976af12ba80b10af7add2f97f8786f8cf1596253472c0ea7?s=96&d=mm&r=g","url":"https:\/\/secure.gravatar.com\/avatar\/15c4177f6d86975c976af12ba80b10af7add2f97f8786f8cf1596253472c0ea7?s=96&d=mm&r=g","height":96,"width":96}},"publisher":{"@type":"Organization","name":"meribel.cz","logo":{"@type":"ImageObject","@id":"\/logo.png","url":"\/logo.png","width":600,"height":60}},"url":"https:\/\/www.meribel.cz\/neco-se-stalo\/","wordCount":190,"articleBody":"Pro\u010d mysl\u00edte? Zm\u011bnilo se snad n\u011bco ve va\u0161em \u017eivot\u011b, okol\u00ed, n\u011bco je jinak, ne\u017e jste zvykl\u00ed? Co\u017ee? P\u0159estaly v\u00e1m odt\u00e9kat spla\u0161kov\u00e9 vody z bytu, \u010di domku? Lejno se v\u00e1m houpe na WC na hladin\u011b a nechce dol\u016f do d\u00edry, aby odteklo? To je blb\u00e9. A odt\u00e9k\u00e1 v\u00e1m alespo\u0148 \u010dist\u00e1 voda z koupelny, nebo kuchy\u0148sk\u00e9ho d\u0159ezu? Trochu? No tak vid\u00edte! M\u016f\u017eete chodit \u010d\u016frat tam a na velkou budete chodit k soused\u016fm. Co pros\u00edm? \u017de jsme se zbl\u00e1znili? No, sv\u00fdm zp\u016fsobem jsme trochu sklouzli k nads\u00e1zce, neboli, jak liter\u00e1ti \u0159\u00edkaj\u00ed, hyperbole. Jen jsme cht\u011bli nazna\u010dit, \u017ee mnoz\u00ed lid\u00e9 podce\u0148uj\u00ed, kdy\u017e jim kanalizace za\u010d\u00edn\u00e1 fungovat h\u016f\u0159, ne\u017e d\u0159\u00edve a nakonec to m\u016f\u017ee dopadnout a\u017e v\u00fd\u0161e popsan\u00fdm zp\u016fsobem.Co s t\u00edm?\u0158e\u0161en\u00ed je jednoduch\u00e9. Nechte si v\u010das pro\u010distit odpady odbornou firmou, p\u0159\u00edpadn\u011b si nechte ud\u011blat i revizi t\u0159eba minikamerou, kter\u00e1 odhal\u00ed i drobn\u00e1 po\u0161kozen\u00ed st\u011bn odpadov\u00fdch trubek.                                                                                                                                                                                                                                                                                                                                                                                        3.8\/5 - (6 votes)        "},{"@context":"https:\/\/schema.org\/","@type":"BreadcrumbList","itemListElement":[{"@type":"ListItem","position":1,"name":"N\u011bco se stalo","item":"https:\/\/www.meribel.cz\/neco-se-stalo\/#breadcrumbitem"}]}]