{"@context":"https:\/\/schema.org\/","@type":"CollectionPage","@id":"https:\/\/www.meribel.cz\/nakupy\/#CollectionPage","headline":"N\u00e1kupy Category","description":"","url":"https:\/\/www.meribel.cz\/nakupy\/","hasPart":[{"@type":"Article","@id":"https:\/\/www.meribel.cz\/velka-venkovni-reklama-na-miru\/","headline":"Velk\u00e1 venkovn\u00ed reklama na m\u00edru","url":"https:\/\/www.meribel.cz\/velka-venkovni-reklama-na-miru\/","datePublished":"2021-07-27","dateModified":"2023-09-01","mainEntityOfPage":"https:\/\/www.meribel.cz\/velka-venkovni-reklama-na-miru\/","author":{"@type":"Person","@id":"https:\/\/www.meribel.cz\/author\/devene\/#Person","name":"devene","url":"https:\/\/www.meribel.cz\/author\/devene\/","identifier":1,"image":{"@type":"ImageObject","@id":"https:\/\/secure.gravatar.com\/avatar\/15c4177f6d86975c976af12ba80b10af7add2f97f8786f8cf1596253472c0ea7?s=96&d=mm&r=g","url":"https:\/\/secure.gravatar.com\/avatar\/15c4177f6d86975c976af12ba80b10af7add2f97f8786f8cf1596253472c0ea7?s=96&d=mm&r=g","height":96,"width":96}},"publisher":{"@type":"Organization","name":"meribel.cz","logo":{"@type":"ImageObject","@id":"\/logo.png","url":"\/logo.png","width":600,"height":60}},"image":{"@type":"ImageObject","@id":"https:\/\/www.meribel.cz\/wp-content\/uploads\/billboard_U0ztx3.jpg","url":"https:\/\/www.meribel.cz\/wp-content\/uploads\/billboard_U0ztx3.jpg","height":0,"width":0},"keywords":null},{"@type":"Article","@id":"https:\/\/www.meribel.cz\/aby-pandemie-skoncila\/","headline":"Aby pandemie skon\u010dila","url":"https:\/\/www.meribel.cz\/aby-pandemie-skoncila\/","datePublished":"2021-05-12","dateModified":"2023-05-01","mainEntityOfPage":"https:\/\/www.meribel.cz\/aby-pandemie-skoncila\/","author":{"@type":"Person","@id":"https:\/\/www.meribel.cz\/author\/devene\/#Person","name":"devene","url":"https:\/\/www.meribel.cz\/author\/devene\/","identifier":1,"image":{"@type":"ImageObject","@id":"https:\/\/secure.gravatar.com\/avatar\/15c4177f6d86975c976af12ba80b10af7add2f97f8786f8cf1596253472c0ea7?s=96&d=mm&r=g","url":"https:\/\/secure.gravatar.com\/avatar\/15c4177f6d86975c976af12ba80b10af7add2f97f8786f8cf1596253472c0ea7?s=96&d=mm&r=g","height":96,"width":96}},"publisher":{"@type":"Organization","name":"meribel.cz","logo":{"@type":"ImageObject","@id":"\/logo.png","url":"\/logo.png","width":600,"height":60}},"image":{"@type":"ImageObject","@id":"https:\/\/www.meribel.cz\/wp-content\/uploads\/ochrana%20p%C5%99ed%20koronavirem_SWdPq1.jpg","url":"https:\/\/www.meribel.cz\/wp-content\/uploads\/ochrana%20p%C5%99ed%20koronavirem_SWdPq1.jpg","height":0,"width":0},"keywords":null},{"@type":"Article","@id":"https:\/\/www.meribel.cz\/zhubnout-lze-jen-pomoci-jidla-a-pohybu\/","headline":"Zhubnout lze jen pomoc\u00ed j\u00eddla a pohybu","url":"https:\/\/www.meribel.cz\/zhubnout-lze-jen-pomoci-jidla-a-pohybu\/","datePublished":"2021-04-28","dateModified":"2023-05-01","mainEntityOfPage":"https:\/\/www.meribel.cz\/zhubnout-lze-jen-pomoci-jidla-a-pohybu\/","author":{"@type":"Person","@id":"https:\/\/www.meribel.cz\/author\/devene\/#Person","name":"devene","url":"https:\/\/www.meribel.cz\/author\/devene\/","identifier":1,"image":{"@type":"ImageObject","@id":"https:\/\/secure.gravatar.com\/avatar\/15c4177f6d86975c976af12ba80b10af7add2f97f8786f8cf1596253472c0ea7?s=96&d=mm&r=g","url":"https:\/\/secure.gravatar.com\/avatar\/15c4177f6d86975c976af12ba80b10af7add2f97f8786f8cf1596253472c0ea7?s=96&d=mm&r=g","height":96,"width":96}},"publisher":{"@type":"Organization","name":"meribel.cz","logo":{"@type":"ImageObject","@id":"\/logo.png","url":"\/logo.png","width":600,"height":60}},"image":{"@type":"ImageObject","@id":"https:\/\/www.meribel.cz\/wp-content\/uploads\/Jednohubky.jpg","url":"https:\/\/www.meribel.cz\/wp-content\/uploads\/Jednohubky.jpg","height":0,"width":0},"keywords":null},{"@type":"Article","@id":"https:\/\/www.meribel.cz\/jak-najit-instalatera\/","headline":"Jak naj\u00edt instalat\u00e9ra?","url":"https:\/\/www.meribel.cz\/jak-najit-instalatera\/","datePublished":"2021-04-25","dateModified":"2023-05-01","mainEntityOfPage":"https:\/\/www.meribel.cz\/jak-najit-instalatera\/","author":{"@type":"Person","@id":"https:\/\/www.meribel.cz\/author\/devene\/#Person","name":"devene","url":"https:\/\/www.meribel.cz\/author\/devene\/","identifier":1,"image":{"@type":"ImageObject","@id":"https:\/\/secure.gravatar.com\/avatar\/15c4177f6d86975c976af12ba80b10af7add2f97f8786f8cf1596253472c0ea7?s=96&d=mm&r=g","url":"https:\/\/secure.gravatar.com\/avatar\/15c4177f6d86975c976af12ba80b10af7add2f97f8786f8cf1596253472c0ea7?s=96&d=mm&r=g","height":96,"width":96}},"publisher":{"@type":"Organization","name":"meribel.cz","logo":{"@type":"ImageObject","@id":"\/logo.png","url":"\/logo.png","width":600,"height":60}},"image":{"@type":"ImageObject","@id":"https:\/\/www.meribel.cz\/wp-content\/uploads\/oprava%20vodovodn%C3%AD%20baterie_1.jpg","url":"https:\/\/www.meribel.cz\/wp-content\/uploads\/oprava%20vodovodn%C3%AD%20baterie_1.jpg","height":0,"width":0},"keywords":null},{"@type":"Article","@id":"https:\/\/www.meribel.cz\/detska-party-se-bez-kouzelnika-neobejde\/","headline":"D\u011btsk\u00e1 party se bez kouzeln\u00edka neobejde","url":"https:\/\/www.meribel.cz\/detska-party-se-bez-kouzelnika-neobejde\/","datePublished":"2021-04-18","dateModified":"2023-05-01","mainEntityOfPage":"https:\/\/www.meribel.cz\/detska-party-se-bez-kouzelnika-neobejde\/","author":{"@type":"Person","@id":"https:\/\/www.meribel.cz\/author\/devene\/#Person","name":"devene","url":"https:\/\/www.meribel.cz\/author\/devene\/","identifier":1,"image":{"@type":"ImageObject","@id":"https:\/\/secure.gravatar.com\/avatar\/15c4177f6d86975c976af12ba80b10af7add2f97f8786f8cf1596253472c0ea7?s=96&d=mm&r=g","url":"https:\/\/secure.gravatar.com\/avatar\/15c4177f6d86975c976af12ba80b10af7add2f97f8786f8cf1596253472c0ea7?s=96&d=mm&r=g","height":96,"width":96}},"publisher":{"@type":"Organization","name":"meribel.cz","logo":{"@type":"ImageObject","@id":"\/logo.png","url":"\/logo.png","width":600,"height":60}},"image":{"@type":"ImageObject","@id":"https:\/\/www.meribel.cz\/wp-content\/uploads\/narozeninov%C3%BD%20n%C3%A1pis.jpeg","url":"https:\/\/www.meribel.cz\/wp-content\/uploads\/narozeninov%C3%BD%20n%C3%A1pis.jpeg","height":0,"width":0},"keywords":null},{"@type":"Article","@id":"https:\/\/www.meribel.cz\/a-massage-parlor-is-here-for-everyone\/","headline":"A massage parlor is here for everyone","url":"https:\/\/www.meribel.cz\/a-massage-parlor-is-here-for-everyone\/","datePublished":"2021-04-18","dateModified":"2023-05-01","mainEntityOfPage":"https:\/\/www.meribel.cz\/a-massage-parlor-is-here-for-everyone\/","author":{"@type":"Person","@id":"https:\/\/www.meribel.cz\/author\/devene\/#Person","name":"devene","url":"https:\/\/www.meribel.cz\/author\/devene\/","identifier":1,"image":{"@type":"ImageObject","@id":"https:\/\/secure.gravatar.com\/avatar\/15c4177f6d86975c976af12ba80b10af7add2f97f8786f8cf1596253472c0ea7?s=96&d=mm&r=g","url":"https:\/\/secure.gravatar.com\/avatar\/15c4177f6d86975c976af12ba80b10af7add2f97f8786f8cf1596253472c0ea7?s=96&d=mm&r=g","height":96,"width":96}},"publisher":{"@type":"Organization","name":"meribel.cz","logo":{"@type":"ImageObject","@id":"\/logo.png","url":"\/logo.png","width":600,"height":60}},"image":{"@type":"ImageObject","@id":"https:\/\/www.meribel.cz\/wp-content\/uploads\/%C5%88adra%20v%20korzetu.jpg","url":"https:\/\/www.meribel.cz\/wp-content\/uploads\/%C5%88adra%20v%20korzetu.jpg","height":0,"width":0},"keywords":null},{"@type":"Article","@id":"https:\/\/www.meribel.cz\/jake-ma-podminky-pro-produkt-mobilni-piskovacka-pujcovna\/","headline":"Jak\u00e9 m\u00e1 podm\u00ednky pro produkt mobiln\u00ed p\u00edskova\u010dka p\u016fj\u010dovna?","url":"https:\/\/www.meribel.cz\/jake-ma-podminky-pro-produkt-mobilni-piskovacka-pujcovna\/","datePublished":"2021-04-17","dateModified":"2023-05-01","mainEntityOfPage":"https:\/\/www.meribel.cz\/jake-ma-podminky-pro-produkt-mobilni-piskovacka-pujcovna\/","author":{"@type":"Person","@id":"https:\/\/www.meribel.cz\/author\/devene\/#Person","name":"devene","url":"https:\/\/www.meribel.cz\/author\/devene\/","identifier":1,"image":{"@type":"ImageObject","@id":"https:\/\/secure.gravatar.com\/avatar\/15c4177f6d86975c976af12ba80b10af7add2f97f8786f8cf1596253472c0ea7?s=96&d=mm&r=g","url":"https:\/\/secure.gravatar.com\/avatar\/15c4177f6d86975c976af12ba80b10af7add2f97f8786f8cf1596253472c0ea7?s=96&d=mm&r=g","height":96,"width":96}},"publisher":{"@type":"Organization","name":"meribel.cz","logo":{"@type":"ImageObject","@id":"\/logo.png","url":"\/logo.png","width":600,"height":60}},"image":{"@type":"ImageObject","@id":"https:\/\/www.meribel.cz\/wp-content\/uploads\/pisek1_4.jpg","url":"https:\/\/www.meribel.cz\/wp-content\/uploads\/pisek1_4.jpg","height":0,"width":0},"keywords":null},{"@type":"Article","@id":"https:\/\/www.meribel.cz\/je-revize-elektro-v-bytech-skutecne-nezbytna\/","headline":"Je revize elektro v bytech skute\u010dn\u011b nezbytn\u00e1?","url":"https:\/\/www.meribel.cz\/je-revize-elektro-v-bytech-skutecne-nezbytna\/","datePublished":"2021-04-12","dateModified":"2023-05-01","mainEntityOfPage":"https:\/\/www.meribel.cz\/je-revize-elektro-v-bytech-skutecne-nezbytna\/","author":{"@type":"Person","@id":"https:\/\/www.meribel.cz\/author\/devene\/#Person","name":"devene","url":"https:\/\/www.meribel.cz\/author\/devene\/","identifier":1,"image":{"@type":"ImageObject","@id":"https:\/\/secure.gravatar.com\/avatar\/15c4177f6d86975c976af12ba80b10af7add2f97f8786f8cf1596253472c0ea7?s=96&d=mm&r=g","url":"https:\/\/secure.gravatar.com\/avatar\/15c4177f6d86975c976af12ba80b10af7add2f97f8786f8cf1596253472c0ea7?s=96&d=mm&r=g","height":96,"width":96}},"publisher":{"@type":"Organization","name":"meribel.cz","logo":{"@type":"ImageObject","@id":"\/logo.png","url":"\/logo.png","width":600,"height":60}},"image":{"@type":"ImageObject","@id":"https:\/\/www.meribel.cz\/wp-content\/uploads\/elektrikar1_10_4.jpg","url":"https:\/\/www.meribel.cz\/wp-content\/uploads\/elektrikar1_10_4.jpg","height":0,"width":0},"keywords":null},{"@type":"Article","@id":"https:\/\/www.meribel.cz\/vyberte-si-spravnou-autoskolu\/","headline":"Vyberte si spr\u00e1vnou auto\u0161kolu","url":"https:\/\/www.meribel.cz\/vyberte-si-spravnou-autoskolu\/","datePublished":"2021-04-12","dateModified":"2023-05-01","mainEntityOfPage":"https:\/\/www.meribel.cz\/vyberte-si-spravnou-autoskolu\/","author":{"@type":"Person","@id":"https:\/\/www.meribel.cz\/author\/devene\/#Person","name":"devene","url":"https:\/\/www.meribel.cz\/author\/devene\/","identifier":1,"image":{"@type":"ImageObject","@id":"https:\/\/secure.gravatar.com\/avatar\/15c4177f6d86975c976af12ba80b10af7add2f97f8786f8cf1596253472c0ea7?s=96&d=mm&r=g","url":"https:\/\/secure.gravatar.com\/avatar\/15c4177f6d86975c976af12ba80b10af7add2f97f8786f8cf1596253472c0ea7?s=96&d=mm&r=g","height":96,"width":96}},"publisher":{"@type":"Organization","name":"meribel.cz","logo":{"@type":"ImageObject","@id":"\/logo.png","url":"\/logo.png","width":600,"height":60}},"image":{"@type":"ImageObject","@id":"https:\/\/www.meribel.cz\/wp-content\/uploads\/%C5%99%C3%ADzen%C3%AD%20na%20d%C3%A1lnici_1.jpg","url":"https:\/\/www.meribel.cz\/wp-content\/uploads\/%C5%99%C3%ADzen%C3%AD%20na%20d%C3%A1lnici_1.jpg","height":0,"width":0},"keywords":null},{"@type":"Article","@id":"https:\/\/www.meribel.cz\/splneny-sen-dum-u-more\/","headline":"Spln\u011bn\u00fd sen: d\u016fm u mo\u0159e","url":"https:\/\/www.meribel.cz\/splneny-sen-dum-u-more\/","datePublished":"2021-04-11","dateModified":"2023-09-19","mainEntityOfPage":"https:\/\/www.meribel.cz\/splneny-sen-dum-u-more\/","author":{"@type":"Person","@id":"https:\/\/www.meribel.cz\/author\/devene\/#Person","name":"devene","url":"https:\/\/www.meribel.cz\/author\/devene\/","identifier":1,"image":{"@type":"ImageObject","@id":"https:\/\/secure.gravatar.com\/avatar\/15c4177f6d86975c976af12ba80b10af7add2f97f8786f8cf1596253472c0ea7?s=96&d=mm&r=g","url":"https:\/\/secure.gravatar.com\/avatar\/15c4177f6d86975c976af12ba80b10af7add2f97f8786f8cf1596253472c0ea7?s=96&d=mm&r=g","height":96,"width":96}},"publisher":{"@type":"Organization","name":"meribel.cz","logo":{"@type":"ImageObject","@id":"\/logo.png","url":"\/logo.png","width":600,"height":60}},"image":{"@type":"ImageObject","@id":"https:\/\/www.meribel.cz\/wp-content\/uploads\/d%C5%AFm%20u%20mo%C5%99e.jpg","url":"https:\/\/www.meribel.cz\/wp-content\/uploads\/d%C5%AFm%20u%20mo%C5%99e.jpg","height":0,"width":0},"keywords":null}]}