{"@context":"https:\/\/schema.org\/","@type":"CollectionPage","@id":"https:\/\/www.meribel.cz\/nakupy\/#CollectionPage","headline":"N\u00e1kupy Category","description":"","url":"https:\/\/www.meribel.cz\/nakupy\/","hasPart":[{"@type":"Article","@id":"https:\/\/www.meribel.cz\/jak-si-zajistit-erekci\/","headline":"Jak si zajistit erekci?","url":"https:\/\/www.meribel.cz\/jak-si-zajistit-erekci\/","datePublished":"2025-07-11","dateModified":"2025-07-11","mainEntityOfPage":"https:\/\/www.meribel.cz\/jak-si-zajistit-erekci\/","author":{"@type":"Person","@id":"https:\/\/www.meribel.cz\/author\/devene\/#Person","name":"devene","url":"https:\/\/www.meribel.cz\/author\/devene\/","identifier":1,"image":{"@type":"ImageObject","@id":"https:\/\/secure.gravatar.com\/avatar\/15c4177f6d86975c976af12ba80b10af7add2f97f8786f8cf1596253472c0ea7?s=96&d=mm&r=g","url":"https:\/\/secure.gravatar.com\/avatar\/15c4177f6d86975c976af12ba80b10af7add2f97f8786f8cf1596253472c0ea7?s=96&d=mm&r=g","height":96,"width":96}},"publisher":{"@type":"Organization","name":"meribel.cz","logo":{"@type":"ImageObject","@id":"\/logo.png","url":"\/logo.png","width":600,"height":60}},"image":{"@type":"ImageObject","@id":"https:\/\/www.meribel.cz\/wp-content\/uploads\/eeeeee_10_10_10_10_10_9.jpg","url":"https:\/\/www.meribel.cz\/wp-content\/uploads\/eeeeee_10_10_10_10_10_9.jpg","height":0,"width":0},"keywords":null},{"@type":"Article","@id":"https:\/\/www.meribel.cz\/jaka-by-mela-byt-bazenova-folie\/","headline":"Jak\u00e1 by m\u011bla b\u00fdt baz\u00e9nov\u00e1 f\u00f3lie","url":"https:\/\/www.meribel.cz\/jaka-by-mela-byt-bazenova-folie\/","datePublished":"2025-06-03","dateModified":"2025-06-03","mainEntityOfPage":"https:\/\/www.meribel.cz\/jaka-by-mela-byt-bazenova-folie\/","author":{"@type":"Person","@id":"https:\/\/www.meribel.cz\/author\/devene\/#Person","name":"devene","url":"https:\/\/www.meribel.cz\/author\/devene\/","identifier":1,"image":{"@type":"ImageObject","@id":"https:\/\/secure.gravatar.com\/avatar\/15c4177f6d86975c976af12ba80b10af7add2f97f8786f8cf1596253472c0ea7?s=96&d=mm&r=g","url":"https:\/\/secure.gravatar.com\/avatar\/15c4177f6d86975c976af12ba80b10af7add2f97f8786f8cf1596253472c0ea7?s=96&d=mm&r=g","height":96,"width":96}},"publisher":{"@type":"Organization","name":"meribel.cz","logo":{"@type":"ImageObject","@id":"\/logo.png","url":"\/logo.png","width":600,"height":60}},"image":{"@type":"ImageObject","@id":"https:\/\/www.meribel.cz\/wp-content\/uploads\/bazen2_10_10_1.png","url":"https:\/\/www.meribel.cz\/wp-content\/uploads\/bazen2_10_10_1.png","height":0,"width":0},"keywords":null},{"@type":"Article","@id":"https:\/\/www.meribel.cz\/nenechavejte-si-zapusteny-bazen-jen-pro-sebe\/","headline":"Nenech\u00e1vejte si zapu\u0161t\u011bn\u00fd baz\u00e9n jen pro sebe","url":"https:\/\/www.meribel.cz\/nenechavejte-si-zapusteny-bazen-jen-pro-sebe\/","datePublished":"2024-06-18","dateModified":"2024-06-18","mainEntityOfPage":"https:\/\/www.meribel.cz\/nenechavejte-si-zapusteny-bazen-jen-pro-sebe\/","author":{"@type":"Person","@id":"https:\/\/www.meribel.cz\/author\/devene\/#Person","name":"devene","url":"https:\/\/www.meribel.cz\/author\/devene\/","identifier":1,"image":{"@type":"ImageObject","@id":"https:\/\/secure.gravatar.com\/avatar\/15c4177f6d86975c976af12ba80b10af7add2f97f8786f8cf1596253472c0ea7?s=96&d=mm&r=g","url":"https:\/\/secure.gravatar.com\/avatar\/15c4177f6d86975c976af12ba80b10af7add2f97f8786f8cf1596253472c0ea7?s=96&d=mm&r=g","height":96,"width":96}},"publisher":{"@type":"Organization","name":"meribel.cz","logo":{"@type":"ImageObject","@id":"\/logo.png","url":"\/logo.png","width":600,"height":60}},"image":{"@type":"ImageObject","@id":"https:\/\/www.meribel.cz\/wp-content\/uploads\/water-4736282_640_10_2.jpg","url":"https:\/\/www.meribel.cz\/wp-content\/uploads\/water-4736282_640_10_2.jpg","height":0,"width":0},"keywords":null},{"@type":"Article","@id":"https:\/\/www.meribel.cz\/krasne-obrazy\/","headline":"Kr\u00e1sn\u00e9 obrazy","url":"https:\/\/www.meribel.cz\/krasne-obrazy\/","datePublished":"2024-03-19","dateModified":"2024-03-19","mainEntityOfPage":"https:\/\/www.meribel.cz\/krasne-obrazy\/","author":{"@type":"Person","@id":"https:\/\/www.meribel.cz\/author\/devene\/#Person","name":"devene","url":"https:\/\/www.meribel.cz\/author\/devene\/","identifier":1,"image":{"@type":"ImageObject","@id":"https:\/\/secure.gravatar.com\/avatar\/15c4177f6d86975c976af12ba80b10af7add2f97f8786f8cf1596253472c0ea7?s=96&d=mm&r=g","url":"https:\/\/secure.gravatar.com\/avatar\/15c4177f6d86975c976af12ba80b10af7add2f97f8786f8cf1596253472c0ea7?s=96&d=mm&r=g","height":96,"width":96}},"publisher":{"@type":"Organization","name":"meribel.cz","logo":{"@type":"ImageObject","@id":"\/logo.png","url":"\/logo.png","width":600,"height":60}},"image":{"@type":"ImageObject","@id":"https:\/\/www.meribel.cz\/wp-content\/uploads\/chamber-5264172_1280.jpg","url":"https:\/\/www.meribel.cz\/wp-content\/uploads\/chamber-5264172_1280.jpg","height":0,"width":0},"keywords":null},{"@type":"Article","@id":"https:\/\/www.meribel.cz\/co-se-spatnymi-erekcemi\/","headline":"Co se \u0161patn\u00fdmi erekcemi?","url":"https:\/\/www.meribel.cz\/co-se-spatnymi-erekcemi\/","datePublished":"2024-01-08","dateModified":"2024-05-28","mainEntityOfPage":"https:\/\/www.meribel.cz\/co-se-spatnymi-erekcemi\/","author":{"@type":"Person","@id":"https:\/\/www.meribel.cz\/author\/devene\/#Person","name":"devene","url":"https:\/\/www.meribel.cz\/author\/devene\/","identifier":1,"image":{"@type":"ImageObject","@id":"https:\/\/secure.gravatar.com\/avatar\/15c4177f6d86975c976af12ba80b10af7add2f97f8786f8cf1596253472c0ea7?s=96&d=mm&r=g","url":"https:\/\/secure.gravatar.com\/avatar\/15c4177f6d86975c976af12ba80b10af7add2f97f8786f8cf1596253472c0ea7?s=96&d=mm&r=g","height":96,"width":96}},"publisher":{"@type":"Organization","name":"meribel.cz","logo":{"@type":"ImageObject","@id":"\/logo.png","url":"\/logo.png","width":600,"height":60}},"image":{"@type":"ImageObject","@id":"https:\/\/www.meribel.cz\/wp-content\/uploads\/e%20eeeeee_2.jpg","url":"https:\/\/www.meribel.cz\/wp-content\/uploads\/e%20eeeeee_2.jpg","height":0,"width":0},"keywords":null},{"@type":"Article","@id":"https:\/\/www.meribel.cz\/proc-se-pestitele-zeleniny-orientuji-na-ibc-nadrze\/","headline":"Pro\u010d se p\u011bstitel\u00e9 zeleniny orientuj\u00ed na IBC n\u00e1dr\u017ee","url":"https:\/\/www.meribel.cz\/proc-se-pestitele-zeleniny-orientuji-na-ibc-nadrze\/","datePublished":"2023-05-20","dateModified":"2023-05-20","mainEntityOfPage":"https:\/\/www.meribel.cz\/proc-se-pestitele-zeleniny-orientuji-na-ibc-nadrze\/","author":{"@type":"Person","@id":"https:\/\/www.meribel.cz\/author\/devene\/#Person","name":"devene","url":"https:\/\/www.meribel.cz\/author\/devene\/","identifier":1,"image":{"@type":"ImageObject","@id":"https:\/\/secure.gravatar.com\/avatar\/15c4177f6d86975c976af12ba80b10af7add2f97f8786f8cf1596253472c0ea7?s=96&d=mm&r=g","url":"https:\/\/secure.gravatar.com\/avatar\/15c4177f6d86975c976af12ba80b10af7add2f97f8786f8cf1596253472c0ea7?s=96&d=mm&r=g","height":96,"width":96}},"publisher":{"@type":"Organization","name":"meribel.cz","logo":{"@type":"ImageObject","@id":"\/logo.png","url":"\/logo.png","width":600,"height":60}},"image":{"@type":"ImageObject","@id":"https:\/\/www.meribel.cz\/wp-content\/uploads\/tomatoes-5356_640.jpg","url":"https:\/\/www.meribel.cz\/wp-content\/uploads\/tomatoes-5356_640.jpg","height":0,"width":0},"keywords":null},{"@type":"Article","@id":"https:\/\/www.meribel.cz\/idealni-zpusob-pro-tvorbu-teplotni-pohody\/","headline":"Ide\u00e1ln\u00ed zp\u016fsob pro tvorbu teplotn\u00ed pohody","url":"https:\/\/www.meribel.cz\/idealni-zpusob-pro-tvorbu-teplotni-pohody\/","datePublished":"2023-04-11","dateModified":"2024-02-01","mainEntityOfPage":"https:\/\/www.meribel.cz\/idealni-zpusob-pro-tvorbu-teplotni-pohody\/","author":{"@type":"Person","@id":"https:\/\/www.meribel.cz\/author\/devene\/#Person","name":"devene","url":"https:\/\/www.meribel.cz\/author\/devene\/","identifier":1,"image":{"@type":"ImageObject","@id":"https:\/\/secure.gravatar.com\/avatar\/15c4177f6d86975c976af12ba80b10af7add2f97f8786f8cf1596253472c0ea7?s=96&d=mm&r=g","url":"https:\/\/secure.gravatar.com\/avatar\/15c4177f6d86975c976af12ba80b10af7add2f97f8786f8cf1596253472c0ea7?s=96&d=mm&r=g","height":96,"width":96}},"publisher":{"@type":"Organization","name":"meribel.cz","logo":{"@type":"ImageObject","@id":"\/logo.png","url":"\/logo.png","width":600,"height":60}},"image":{"@type":"ImageObject","@id":"https:\/\/www.meribel.cz\/wp-content\/uploads\/D%C3%A1lkov%C3%A9%20ovl%C3%A1d%C3%A1n%C3%AD.jpg","url":"https:\/\/www.meribel.cz\/wp-content\/uploads\/D%C3%A1lkov%C3%A9%20ovl%C3%A1d%C3%A1n%C3%AD.jpg","height":0,"width":0},"keywords":null},{"@type":"Article","@id":"https:\/\/www.meribel.cz\/miminko-prijde-na-svet-co-ted\/","headline":"Miminko p\u0159ijde na sv\u011bt &#8211; co te\u010f?","url":"https:\/\/www.meribel.cz\/miminko-prijde-na-svet-co-ted\/","datePublished":"2022-11-16","dateModified":"2022-11-16","mainEntityOfPage":"https:\/\/www.meribel.cz\/miminko-prijde-na-svet-co-ted\/","author":{"@type":"Person","@id":"https:\/\/www.meribel.cz\/author\/devene\/#Person","name":"devene","url":"https:\/\/www.meribel.cz\/author\/devene\/","identifier":1,"image":{"@type":"ImageObject","@id":"https:\/\/secure.gravatar.com\/avatar\/15c4177f6d86975c976af12ba80b10af7add2f97f8786f8cf1596253472c0ea7?s=96&d=mm&r=g","url":"https:\/\/secure.gravatar.com\/avatar\/15c4177f6d86975c976af12ba80b10af7add2f97f8786f8cf1596253472c0ea7?s=96&d=mm&r=g","height":96,"width":96}},"publisher":{"@type":"Organization","name":"meribel.cz","logo":{"@type":"ImageObject","@id":"\/logo.png","url":"\/logo.png","width":600,"height":60}},"image":{"@type":"ImageObject","@id":"https:\/\/www.meribel.cz\/wp-content\/uploads\/baby-g3e21c3263_640.jpg","url":"https:\/\/www.meribel.cz\/wp-content\/uploads\/baby-g3e21c3263_640.jpg","height":0,"width":0},"keywords":null},{"@type":"Article","@id":"https:\/\/www.meribel.cz\/prestehujte-firmu-s-nami\/","headline":"P\u0159est\u011bhujte firmu s n\u00e1mi","url":"https:\/\/www.meribel.cz\/prestehujte-firmu-s-nami\/","datePublished":"2022-01-15","dateModified":"2023-09-27","mainEntityOfPage":"https:\/\/www.meribel.cz\/prestehujte-firmu-s-nami\/","author":{"@type":"Person","@id":"https:\/\/www.meribel.cz\/author\/devene\/#Person","name":"devene","url":"https:\/\/www.meribel.cz\/author\/devene\/","identifier":1,"image":{"@type":"ImageObject","@id":"https:\/\/secure.gravatar.com\/avatar\/15c4177f6d86975c976af12ba80b10af7add2f97f8786f8cf1596253472c0ea7?s=96&d=mm&r=g","url":"https:\/\/secure.gravatar.com\/avatar\/15c4177f6d86975c976af12ba80b10af7add2f97f8786f8cf1596253472c0ea7?s=96&d=mm&r=g","height":96,"width":96}},"publisher":{"@type":"Organization","name":"meribel.cz","logo":{"@type":"ImageObject","@id":"\/logo.png","url":"\/logo.png","width":600,"height":60}},"image":{"@type":"ImageObject","@id":"https:\/\/www.meribel.cz\/wp-content\/uploads\/moving-g3c5a373de_640_1.png","url":"https:\/\/www.meribel.cz\/wp-content\/uploads\/moving-g3c5a373de_640_1.png","height":0,"width":0},"keywords":null},{"@type":"Article","@id":"https:\/\/www.meribel.cz\/slunecni-bryle-zajisti-ochranu\/","headline":"Slune\u010dn\u00ed br\u00fdle zajist\u00ed ochranu","url":"https:\/\/www.meribel.cz\/slunecni-bryle-zajisti-ochranu\/","datePublished":"2021-07-31","dateModified":"2023-05-01","mainEntityOfPage":"https:\/\/www.meribel.cz\/slunecni-bryle-zajisti-ochranu\/","author":{"@type":"Person","@id":"https:\/\/www.meribel.cz\/author\/devene\/#Person","name":"devene","url":"https:\/\/www.meribel.cz\/author\/devene\/","identifier":1,"image":{"@type":"ImageObject","@id":"https:\/\/secure.gravatar.com\/avatar\/15c4177f6d86975c976af12ba80b10af7add2f97f8786f8cf1596253472c0ea7?s=96&d=mm&r=g","url":"https:\/\/secure.gravatar.com\/avatar\/15c4177f6d86975c976af12ba80b10af7add2f97f8786f8cf1596253472c0ea7?s=96&d=mm&r=g","height":96,"width":96}},"publisher":{"@type":"Organization","name":"meribel.cz","logo":{"@type":"ImageObject","@id":"\/logo.png","url":"\/logo.png","width":600,"height":60}},"image":{"@type":"ImageObject","@id":"https:\/\/www.meribel.cz\/wp-content\/uploads\/slune%C4%8Dn%C3%AD%20br%C3%BDle_7.jpg","url":"https:\/\/www.meribel.cz\/wp-content\/uploads\/slune%C4%8Dn%C3%AD%20br%C3%BDle_7.jpg","height":0,"width":0},"keywords":null}]}