[{"@context":"https:\/\/schema.org\/","@type":"Article","@id":"https:\/\/www.meribel.cz\/moda-podle-statu\/#Article","mainEntityOfPage":"https:\/\/www.meribel.cz\/moda-podle-statu\/","headline":"M\u00f3da podle st\u00e1t\u016f","name":"M\u00f3da podle st\u00e1t\u016f","description":"Severn\u00ed Evropa Trochu p\u0159ekvapivou ikonou sou\u010dasn\u00e9 m\u00f3dy je Skandin\u00e1vie. Obl\u00e9k\u00e1n\u00ed v\u00a0t\u011bchto zem\u00edch se dlouhodob\u011b \u0159\u00edd\u00ed &hellip; ","datePublished":"2020-09-07","dateModified":"2023-05-01","author":{"@type":"Person","@id":"https:\/\/www.meribel.cz\/author\/devene\/#Person","name":"devene","url":"https:\/\/www.meribel.cz\/author\/devene\/","identifier":1,"image":{"@type":"ImageObject","@id":"https:\/\/secure.gravatar.com\/avatar\/15c4177f6d86975c976af12ba80b10af7add2f97f8786f8cf1596253472c0ea7?s=96&d=mm&r=g","url":"https:\/\/secure.gravatar.com\/avatar\/15c4177f6d86975c976af12ba80b10af7add2f97f8786f8cf1596253472c0ea7?s=96&d=mm&r=g","height":96,"width":96}},"publisher":{"@type":"Organization","name":"meribel.cz","logo":{"@type":"ImageObject","@id":"\/logo.png","url":"\/logo.png","width":600,"height":60}},"image":{"@type":"ImageObject","@id":"https:\/\/www.meribel.cz\/wp-content\/uploads\/img_a318643_w2332_t1529522158.jpg","url":"https:\/\/www.meribel.cz\/wp-content\/uploads\/img_a318643_w2332_t1529522158.jpg","height":0,"width":0},"url":"https:\/\/www.meribel.cz\/moda-podle-statu\/","wordCount":407,"articleBody":"Severn\u00ed EvropaTrochu p\u0159ekvapivou ikonou sou\u010dasn\u00e9 m\u00f3dy je Skandin\u00e1vie. Obl\u00e9k\u00e1n\u00ed v\u00a0t\u011bchto zem\u00edch se dlouhodob\u011b \u0159\u00edd\u00ed principem udr\u017eitelnosti, kvalitn\u00edch materi\u00e1l\u016f a jednoduchosti. P\u0159esn\u011b na t\u011bchto principech stav\u00ed t\u0159eba finsk\u00e1 zna\u010dka Stockman. Ta v\u00a0sob\u011b kombinuje finskou oblibu jednoduch\u00fdch barev, jako jsou modr\u00e1, b\u00edl\u00e1 a \u0161ed\u00e1, a cit pro kvalitn\u00ed st\u0159ihy a materi\u00e1ly. Krom\u011b toho v\u00a0jejich obchodn\u00edm dom\u011b se\u017eenete i produkty do dom\u00e1cnosti, tak\u017ee si budete moci sv\u00e9 bydlen\u00ed za\u0159\u00eddit v\u00a0dnes tolik popul\u00e1rn\u00edm skandin\u00e1vsk\u00e9m stylu. \u0160v\u00e9dsko? Domov popul\u00e1rn\u00edch \u0159et\u011bzc\u016f H&amp;M a C&amp;A, ale ve \u0161v\u00e9dsk\u00e9 kvalit\u011b. A\u0165 se n\u00e1m to l\u00edb\u00ed nebo ne, tak kvalita v\u00a0t\u011bchto obchodech se li\u0161\u00ed st\u00e1t od st\u00e1tu, tak kdy\u017e u\u017e jste u ko\u0159en\u016f, tak pro\u010d toho nevyu\u017e\u00edt?\u00a0Spojen\u00e9 st\u00e1tyCo jenom \u0159\u00edct o zemi, kter\u00e1 m\u00e1 tak v\u00fdrazn\u00fd vliv na sou\u010dasnou m\u00f3du? Cel\u00e1 mlad\u00e1 generace se v\u00a0sou\u010dasn\u00e9 dob\u011b nech\u00e1v\u00e1 inspirovat americk\u00fdmi osmdes\u00e1t\u00fdmi l\u00e9ty: boty VANS a Converse, d\u017e\u00edny Levi\u2019s, tri\u010dka s\u00a0referencemi na kultovn\u00ed filmy a s\u00a0reklamn\u00edmi potisky. Tak\u017ee pokud se budete potulovat po St\u00e1tech, tak se poohl\u00e9dn\u011bte po t\u011bchto zna\u010dk\u00e1ch. A nemus\u00edte chodit jenom do origin\u00e1ln\u00edch obchodech. Kdy\u017e budete m\u00edt trochu \u010dasu, projd\u011bte se po second handech, kde \u010dasto najdete skv\u011bl\u00e9 vintage kousky za v\u00edce ne\u017e p\u0159\u00e1telsk\u00e9 ceny.\u00a0Ji\u017en\u00ed Evropa \u0160pan\u011blsko, Portugalsko\u2026lid\u00e9 tam obvykle jezd\u00ed sp\u00ed\u0161e za slun\u00ed\u010dkem a mo\u0159em, ale tamn\u00ed m\u00f3da je rozhodn\u011b pozoruhodn\u00e1. Barvy, zaj\u00edmav\u00e9 potisky a kreativn\u00ed p\u0159\u00edstup je n\u011bco, co byste rozhodn\u011b m\u011bli p\u0159en\u00e9st i k\u00a0n\u00e1m. U n\u00e1s je zn\u00e1m\u00fd Desigual a tak\u00e9 ZARA, ale nab\u00eddka je \u0161ir\u0161\u00ed. T\u0159eba takov\u00e1 Bimba y Lola se prezentuje n\u00e1padit\u00fdmi potisky na \u0161atech a ko\u0161il\u00edch, kter\u00e9 se hod\u00ed jak do kancel\u00e1\u0159e, tak na ned\u011bln\u00ed piknik. Pokud pat\u0159\u00edte k\u00a0t\u011bm movit\u011bj\u0161\u00edm, a z\u00e1rove\u0148 je v\u00e1\u0161 vkus trochu konzervativn\u011bj\u0161\u00ed, rozhodn\u011b nav\u0161tivte butik Adolfo Dominguez, kter\u00fd vytv\u00e1\u0159\u00ed n\u00e1dhern\u00e9 a p\u0159itom funk\u010dn\u00ed kost\u00fdmky a dal\u0161\u00ed form\u00e1ln\u00ed oble\u010den\u00ed.                                                                                                                                                                                                                                                                                                                                                                                        4.6\/5 - (7 votes)        "},{"@context":"https:\/\/schema.org\/","@type":"BreadcrumbList","itemListElement":[{"@type":"ListItem","position":1,"name":"M\u00f3da podle st\u00e1t\u016f","item":"https:\/\/www.meribel.cz\/moda-podle-statu\/#breadcrumbitem"}]}]