[{"@context":"https:\/\/schema.org\/","@type":"Article","@id":"https:\/\/www.meribel.cz\/jaky-druh-pletove-masky-si-vybrat\/#Article","mainEntityOfPage":"https:\/\/www.meribel.cz\/jaky-druh-pletove-masky-si-vybrat\/","headline":"Jak\u00fd druh ple\u0165ov\u00e9 masky si vybrat?","name":"Jak\u00fd druh ple\u0165ov\u00e9 masky si vybrat?","description":"Masky ur\u010dit\u011b nemus\u00edme pou\u017e\u00edvat ka\u017ed\u00fd den, mohlo by to b\u00fdt dokonce kontraproduktivn\u00ed. Pokud se o &hellip; ","datePublished":"2022-07-16","dateModified":"2023-05-01","author":{"@type":"Person","@id":"https:\/\/www.meribel.cz\/author\/devene\/#Person","name":"devene","url":"https:\/\/www.meribel.cz\/author\/devene\/","identifier":1,"image":{"@type":"ImageObject","@id":"https:\/\/secure.gravatar.com\/avatar\/15c4177f6d86975c976af12ba80b10af7add2f97f8786f8cf1596253472c0ea7?s=96&d=mm&r=g","url":"https:\/\/secure.gravatar.com\/avatar\/15c4177f6d86975c976af12ba80b10af7add2f97f8786f8cf1596253472c0ea7?s=96&d=mm&r=g","height":96,"width":96}},"publisher":{"@type":"Organization","name":"meribel.cz","logo":{"@type":"ImageObject","@id":"\/logo.png","url":"\/logo.png","width":600,"height":60}},"image":{"@type":"ImageObject","@id":"https:\/\/www.meribel.cz\/wp-content\/uploads\/pexels-shiny-diamond-3762555_2.jpg","url":"https:\/\/www.meribel.cz\/wp-content\/uploads\/pexels-shiny-diamond-3762555_2.jpg","height":0,"width":0},"url":"https:\/\/www.meribel.cz\/jaky-druh-pletove-masky-si-vybrat\/","about":["\u017dena"],"wordCount":438,"articleBody":"Masky ur\u010dit\u011b nemus\u00edme pou\u017e\u00edvat ka\u017ed\u00fd den, mohlo by to b\u00fdt dokonce kontraproduktivn\u00ed. Pokud se o svou ple\u0165 star\u00e1me pravideln\u011b, \u00fapln\u011b sta\u010d\u00ed, kdy\u017e ple\u0165ovou masku pou\u017eijete nap\u0159\u00edklad jen jednou t\u00fddn\u011b. P\u0159\u00edpadn\u011b se \u0159i\u010fte pokyny, kter\u00e9 jsou uvedeny na obale masky.Pl\u00e1t\u00fdnkov\u00e9 maskyPl\u00e1t\u00fdnkov\u00e9, nebo tak\u00e9 textiln\u00ed masky poch\u00e1z\u00ed p\u016fvodem z Ji\u017en\u00ed Korey, kde se proslavili. Dnes jsou asi nejpopul\u00e1rn\u011bj\u0161\u00ed variantou ze v\u0161ech ple\u0165ov\u00fdch masek. Jedn\u00e1 se o kus textilie napu\u0161t\u011bn\u00fd v \u00fa\u010dinn\u00e9m s\u00e9ru \u010di esenci, kter\u00e9 si p\u0159ilo\u017e\u00edte na obli\u010dej zhruba na 15\u201320 minut. Jejich v\u00fdhodou je rychl\u00fd \u00fa\u010dinek, kter\u00fd m\u016f\u017eete vid\u011bt t\u00e9m\u011b\u0159 okam\u017eit\u011b. Na v\u00fdb\u011br m\u00e1te z masek hydrata\u010dn\u00edch, antioxida\u010dn\u00edch, \u010dist\u00edc\u00edch \u010di uklid\u0148uj\u00edc\u00edch. Velmi p\u0159\u00edjemn\u00e9 a vhodn\u00e9 pro zklidn\u011bn\u00ed pleti jsou, pokud s\u00e1\u010dek s nimi d\u00e1te na n\u011bjakou dobu do lednice. Jsou vhodn\u00e9 p\u0159edev\u0161\u00edm pro rychl\u00e9 dod\u00e1n\u00ed hydratace nebo nap\u0159\u00edklad pro zklidn\u011bn\u00ed pleti, kter\u00e1 je podr\u00e1\u017ed\u011bn\u00e1 l\u00e9\u010dbou akn\u00e9. Nev\u00fdhodou t\u011bchto masek je ekologick\u00e1 stopa, jeliko\u017e maj\u00ed jednor\u00e1zov\u00e9 pou\u017eit\u00ed.Kr\u00e9mov\u00e9 maskyKlasick\u00e9 masky tak, jak je zn\u00e1me od prad\u00e1vna. Ve form\u011b kr\u00e9mu, gelu \u010di podobn\u00e9 konzistenci, kdy si je rozet\u0159ete rovnom\u011brn\u011b na obli\u010dej a nech\u00e1te p\u016fsobit zhruba 10 a\u017e 15 minut. Pot\u00e9 masku smyjete. Jsou k dost\u00e1n\u00ed v nejr\u016fzn\u011bj\u0161\u00edch variant\u00e1ch a zam\u011b\u0159en\u00e9 na v\u0161echny typy pleti. Pro suchou ple\u0165 si m\u016f\u017eete po\u0159\u00eddit hydrata\u010dn\u00ed masku, pro problematickou ple\u0165 masku s kyselinou salicylovou a podobn\u011b. Vybere si ur\u010dit\u011b ka\u017ed\u00fd. Masky se\u017eenete v nejr\u016fzn\u011bj\u0161\u00edch cenov\u00fdch kategori\u00edch.Slupovac\u00ed maskyTyto masky byly velmi popul\u00e1rn\u00ed p\u0159ed zhruba deseti lety. I dnes jich najdete na trhu spoustu, ale z t\u011bchto t\u0159\u00ed tip\u016f na masky v\u00e1m slupovac\u00ed doporu\u010dujeme nejm\u00e9n\u011b. Bylo prok\u00e1z\u00e1no, \u017ee sp\u00ed\u0161e pleti \u0161kod\u00ed, ne\u017e aby j\u00ed prosp\u00edvali. P\u0159i slupov\u00e1n\u00ed strh\u00e1v\u00e1te spolu s maskou i vrchn\u00ed \u010d\u00e1st k\u016f\u017ee, a i kdy\u017e se v\u00e1m na prvn\u00ed pohled zd\u00e1, \u017ee v\u00e1m maska vy\u010distila p\u00f3ry, nen\u00ed tomu tak. Maska v\u00e1m jen odstranila odum\u0159el\u00e9 bu\u0148ky a jemn\u00e9 chloupky. P\u0159i dlouhodob\u011bj\u0161\u00edm pou\u017e\u00edv\u00e1n\u00ed si m\u016f\u017eete po\u0161kodit ko\u017en\u00ed bari\u00e9ru. Proto zvolte rad\u011bji masku pl\u00e1t\u00e9nkovou nebo kr\u00e9movou.                                                                                                                                                                                                                                                                                                                                                                                        4.1\/5 - (10 votes)        "},{"@context":"https:\/\/schema.org\/","@type":"BreadcrumbList","itemListElement":[{"@type":"ListItem","position":1,"name":"Jak\u00fd druh ple\u0165ov\u00e9 masky si vybrat?","item":"https:\/\/www.meribel.cz\/jaky-druh-pletove-masky-si-vybrat\/#breadcrumbitem"}]}]