[{"@context":"https:\/\/schema.org\/","@type":"Article","@id":"https:\/\/www.meribel.cz\/i-drevena-fasada-muze-trpet-jak-o-ni-spravne-pecovat\/#Article","mainEntityOfPage":"https:\/\/www.meribel.cz\/i-drevena-fasada-muze-trpet-jak-o-ni-spravne-pecovat\/","headline":"I d\u0159ev\u011bn\u00e1 fas\u00e1da m\u016f\u017ee trp\u011bt! Jak o n\u00ed spr\u00e1vn\u011b pe\u010dovat?","name":"I d\u0159ev\u011bn\u00e1 fas\u00e1da m\u016f\u017ee trp\u011bt! Jak o n\u00ed spr\u00e1vn\u011b pe\u010dovat?","description":"S nadch\u00e1zej\u00edc\u00edm podzimem je nejvy\u0161\u0161\u00ed \u010das zazimovat zahradu a to nejenom rostliny nebo n\u00e1\u010din\u00ed, ale &hellip; ","datePublished":"2020-09-15","dateModified":"2023-12-08","author":{"@type":"Person","@id":"https:\/\/www.meribel.cz\/author\/devene\/#Person","name":"devene","url":"https:\/\/www.meribel.cz\/author\/devene\/","identifier":1,"image":{"@type":"ImageObject","@id":"https:\/\/secure.gravatar.com\/avatar\/15c4177f6d86975c976af12ba80b10af7add2f97f8786f8cf1596253472c0ea7?s=96&d=mm&r=g","url":"https:\/\/secure.gravatar.com\/avatar\/15c4177f6d86975c976af12ba80b10af7add2f97f8786f8cf1596253472c0ea7?s=96&d=mm&r=g","height":96,"width":96}},"publisher":{"@type":"Organization","name":"meribel.cz","logo":{"@type":"ImageObject","@id":"\/logo.png","url":"\/logo.png","width":600,"height":60}},"image":{"@type":"ImageObject","@id":"https:\/\/www.meribel.cz\/wp-content\/uploads\/d%C5%99ev%C4%9Bn%C3%A1%20konstrukce_1.jpg","url":"https:\/\/www.meribel.cz\/wp-content\/uploads\/d%C5%99ev%C4%9Bn%C3%A1%20konstrukce_1.jpg","height":0,"width":0},"url":"https:\/\/www.meribel.cz\/i-drevena-fasada-muze-trpet-jak-o-ni-spravne-pecovat\/","about":["N\u00e1kupy"],"wordCount":437,"articleBody":"       S nadch\u00e1zej\u00edc\u00edm podzimem je nejvy\u0161\u0161\u00ed \u010das zazimovat zahradu a to nejenom rostliny nebo n\u00e1\u010din\u00ed, ale hlavn\u011b d\u0159ev\u011bn\u00e9 konstrukce v podob\u011b alt\u00e1n\u016f, domk\u016f nebo pergol. Pr\u00e1v\u011b jejich fas\u00e1dy toti\u017e v zimn\u00edm obdob\u00ed velmi trp\u00ed a spr\u00e1vn\u00fd n\u00e1t\u011br m\u016f\u017ee jejich \u017eivotnost prodlou\u017eit i o n\u011bkolik let. \u010casto se pak st\u00e1v\u00e1, \u017ee siln\u00e9 mrazy nebo sn\u00edh dok\u00e1\u017e\u00ed nap\u00e1chat \u0161kody, kter\u00e9 je pot\u0159eba opravit a d\u0159ev\u011bnou fas\u00e1du p\u0159ipravit na nadch\u00e1zej\u00edc\u00ed sez\u00f3nu.Pokud chcete po\u0161kozen\u00ed d\u0159eva p\u0159edej\u00edt a jeho \u017eivotnost v\u00fdrazn\u011b prodlou\u017eit, je pot\u0159eba d\u0159evo p\u0159ed zimou ochr\u00e1nit. A nejvy\u0161\u0161\u00ed \u010das je pr\u00e1v\u011b te\u010f, kdy rtu\u0165 teplom\u011bru za\u010d\u00edn\u00e1 v noci klesat t\u00e9m\u011b\u0159 k bodu mrazu. Fas\u00e1da zahradn\u00edho domku, pergoly https:\/\/www.pergoly-trutnov.cz\/ nebo alt\u00e1nu je permanentn\u011b vystaven\u00e1 rozmar\u016fm po\u010das\u00ed, i z tohoto d\u016fvodu degraduje o pozn\u00e1n\u00ed rychleji. Poj\u010fme se tedy spole\u010dn\u011b pod\u00edvat, jak d\u0159evo ochr\u00e1nit, aby vydr\u017eelo kr\u00e1sn\u00e9 co nejd\u00e9le.  MalbaVn\u011bj\u0161\u00ed d\u0159ev\u011bn\u00e1 fas\u00e1da pot\u0159ebuje pravidelnou p\u00e9\u010di a odstra\u0148ov\u00e1n\u00ed zemit\u00fdch n\u00e1nos\u016f a ne\u010distot, kter\u00e9 se na n\u00ed b\u011bhem de\u0161t\u011b usadily. Pokud je d\u0159evo je\u0161t\u011b v relativn\u011b dobr\u00e9m stavu, vysta\u010d\u00edte si s dr\u00e1t\u011bn\u00fdm kart\u00e1\u010dem, \u010dist\u00edc\u00edm prost\u0159edek a teplou vodu. Na odoln\u011bj\u0161\u00ed ne\u010distoty lze pou\u017e\u00edt p\u0159\u00edpadn\u011b brusn\u00fd pap\u00edr nebo brusku. V obchodech jist\u011b najdete i celou \u0159adu chemik\u00e1li\u00ed, kter\u00e9 spolehliv\u011b dok\u00e1\u017e\u00ed ze d\u0159eva odstranit star\u00fd n\u00e1t\u011br bez v\u011bt\u0161\u00ed n\u00e1mahy. Po odstran\u011bn\u00ed star\u00e9 barvy a ne\u010distot neot\u00e1lejte s n\u00e1nosem nov\u00e9ho n\u00e1t\u011bru, kter\u00fd slou\u017e\u00ed jako ochrana surov\u00e9ho d\u0159eva. OlejNa pochoz\u00ed d\u0159ev\u011bn\u00e9 plochy je ov\u0161em barva na b\u00e1zi laku zcela nevhodn\u00e1, ide\u00e1ln\u00ed je v tomto p\u0159\u00edpad\u011b pou\u017e\u00edt olejov\u00fd n\u00e1t\u011br. Ten dok\u00e1\u017ee d\u0159evo ochr\u00e1nit proti od\u011bru, takto o\u0161et\u0159en\u00e9 si daleko del\u0161\u00ed dobu uchov\u00e1 sv\u016fj p\u016fvodn\u00ed vzhled. Obnova d\u0159ev\u011bn\u00e9ho povrchu, kter\u00fd byl p\u0159edt\u00edm o\u0161et\u0159en olejov\u00fdm n\u00e1t\u011brem je o pozn\u00e1n\u00ed jednodu\u0161\u0161\u00ed ne\u017e p\u0159i pou\u017eit\u00ed b\u011b\u017en\u00e9ho lakovan\u00e9ho n\u00e1t\u011bru. Star\u00fd olejov\u00fd n\u00e1t\u011br nen\u00ed pot\u0159eba slo\u017eit\u011b odstra\u0148ovat, ale rovnom\u011brn\u011b na n\u011bj nan\u00e9st n\u00e1t\u011br nov\u00fd.                                                                                                                                                                                                                                                                                                                                                                                           4.2\/5 - (10 votes)        "},{"@context":"https:\/\/schema.org\/","@type":"BreadcrumbList","itemListElement":[{"@type":"ListItem","position":1,"name":"I d\u0159ev\u011bn\u00e1 fas\u00e1da m\u016f\u017ee trp\u011bt! Jak o n\u00ed spr\u00e1vn\u011b pe\u010dovat?","item":"https:\/\/www.meribel.cz\/i-drevena-fasada-muze-trpet-jak-o-ni-spravne-pecovat\/#breadcrumbitem"}]}]