[{"@context":"https:\/\/schema.org\/","@type":"Article","@id":"https:\/\/www.meribel.cz\/galerie-venku\/#Article","mainEntityOfPage":"https:\/\/www.meribel.cz\/galerie-venku\/","headline":"Galerie Venku","name":"Galerie Venku","description":"Na ja\u0159e lo\u0148sk\u00e9ho roku, v dob\u011b, kdy byla v\u011bt\u0161ina galeri\u00ed uzav\u0159ena, vznikl naprosto unik\u00e1tn\u00ed projekt. &hellip; ","datePublished":"2021-12-31","dateModified":"2023-08-18","author":{"@type":"Person","@id":"https:\/\/www.meribel.cz\/author\/devene\/#Person","name":"devene","url":"https:\/\/www.meribel.cz\/author\/devene\/","identifier":1,"image":{"@type":"ImageObject","@id":"https:\/\/secure.gravatar.com\/avatar\/15c4177f6d86975c976af12ba80b10af7add2f97f8786f8cf1596253472c0ea7?s=96&d=mm&r=g","url":"https:\/\/secure.gravatar.com\/avatar\/15c4177f6d86975c976af12ba80b10af7add2f97f8786f8cf1596253472c0ea7?s=96&d=mm&r=g","height":96,"width":96}},"publisher":{"@type":"Organization","name":"meribel.cz","logo":{"@type":"ImageObject","@id":"\/logo.png","url":"\/logo.png","width":600,"height":60}},"image":{"@type":"ImageObject","@id":"https:\/\/www.meribel.cz\/wp-content\/uploads\/girl-gb2f57e5ae_640_1.jpg","url":"https:\/\/www.meribel.cz\/wp-content\/uploads\/girl-gb2f57e5ae_640_1.jpg","height":0,"width":0},"url":"https:\/\/www.meribel.cz\/galerie-venku\/","about":["Kultura"],"wordCount":568,"articleBody":"Na ja\u0159e lo\u0148sk\u00e9ho roku, v dob\u011b, kdy byla v\u011bt\u0161ina galeri\u00ed uzav\u0159ena, vznikl naprosto unik\u00e1tn\u00ed projekt. Galerie Venku. Kter\u00fd svou atraktivnost\u00ed a mobilitou alespo\u0148 \u010d\u00e1ste\u010dn\u011b p\u0159ibl\u00ed\u017eil sv\u011bt um\u011bn\u00ed ob\u010dan\u016fm. V\u0161em t\u011bm, kte\u0159\u00ed maj\u00ed r\u00e1di um\u011bleck\u00e9 fotografie zaj\u00edmav\u00fdch objekt\u016f. V\u00fdstavy jsou prezentov\u00e1ny na oboustrann\u00fdch nosi\u010d\u00edch, kter\u00e9 jsou odoln\u00e9 v\u016f\u010di pov\u011btrnostn\u00edm vliv\u016fm venkovn\u00edho\u00a0prost\u0159ed\u00ed. Fotografie jsou nati\u0161t\u011bny na kvalitn\u00ed bannery, kter\u00fdm\u00a0nic neubere na kvalit\u011b ani d\u00e9\u0161\u0165, ani\u00a0slune\u010dn\u00ed paprsky. Sv\u00fdm\u00a0vy\u0159e\u0161en\u00fdm designov\u00fdm vzhledem\u00a0je mo\u017en\u00e9 p\u0159ev\u00e9zt celou v\u00fdstavu i do va\u0161eho m\u011bsta.Hned prvn\u00ed projekt, kter\u00fd o\u017eivil a zkultivoval ve\u0159ejn\u00fd prostor ve m\u011bst\u011b, byl s nad\u0161en\u00edm p\u0159ijat. A fotografie m\u011blo mo\u017enost shl\u00e9dnout velk\u00e9 mno\u017estv\u00ed div\u00e1k\u016f. Dob\u0159e zvolen\u00e9 t\u00e9ma, Beskydy jsou v\u00edce ne\u017e fenom\u00e9n Lys\u00e1 hora, odstartovalo \u00fasp\u011b\u0161n\u00e9 turn\u00e9 po cel\u00e9m kraji. Inspirativn\u00ed fotografie uk\u00e1zaly i m\u00e9n\u011b zn\u00e1m\u00e1 turistick\u00e1 m\u00edsta, dopln\u011bna i popisem.\u00a0Kter\u00fd\u00a0mnoz\u00ed n\u00e1v\u0161t\u011bvn\u00edci vyu\u017eili k inspiraci p\u0159i pl\u00e1nov\u00e1n\u00ed v\u00fdletu do p\u0159\u00edrody. Druhou akc\u00ed, kterou Galerie Venku uspo\u0159\u00e1dala, byla \u0161ita p\u0159\u00edmo na m\u00edru firm\u011b Radegast. Na t\u00e9ma zachycov\u00e1n\u00ed vody v krajin\u011b. A p\u0159ipravena je i ta, ve kter\u00e9 je zd\u016frazn\u011bna osv\u011bta Mobiln\u00edho hospice Strom \u017eivota. V lo\u0148sk\u00e9m roce rovn\u011b\u017e do\u0161lo ke spolupr\u00e1ci s Ostravsk\u00fdm muzeem pod n\u00e1zvem Muzeum jde do ulic. A s kulturn\u011b sportovn\u00edm spolkem\u00a0Elegant &#8211; D\u011bkuji za park. Putovn\u00ed v\u00fdstava Steven Holl: Making Architecture doplnila prezentaci u\u00a0Domu um\u011bn\u00ed.Na leto\u0161n\u00ed rok jsou u\u017e napl\u00e1nov\u00e1ny dal\u0161\u00ed v\u00fdstavy. Ta\u00a0prvn\u00ed, pod n\u00e1zvem Made in Czech Republic &#8211; ZOH 2022, je vytvo\u0159ena v \u00fazk\u00e9 spolupr\u00e1ci s \u010ceskou olympijskou akademi\u00ed a Olympijsk\u00fdm v\u00fdborem. C\u00edlem t\u00e9to putovn\u00ed v\u00fdstavy, kter\u00e1 se rozhodla nav\u00e1zat na d\u0159\u00edve konan\u00e9 Olympijsk\u00e9 parky\u00a0ve m\u011bst\u011b, je sezn\u00e1mit \u0161irokou ve\u0159ejnost nejen se sou\u010dasn\u00fdmi olympioniky, ale rovn\u011b\u017e s t\u011bmi, kte\u0159\u00ed st\u00e1li u kol\u00e9bky olympijsk\u00e9ho hnut\u00ed u n\u00e1s. Ta druh\u00e1 je uvedena pod n\u00e1zvem Ze-ze-M\u011b, ve kter\u00e9 se sv\u00fdmi obrazy p\u0159edstav\u00ed Martin Fabi\u00e1n. Grafick\u00fd designer a mal\u00ed\u0159. Na v\u0161ech jeho obrazech je jedin\u00e9 t\u00e9ma. A to jsou rozkvetl\u00e9 louky, pln\u00e9 slunce a barevnosti. P\u016fsob\u00ed na sv\u00e9 div\u00e1ky pozitivn\u011b a p\u0159\u00edmo vyb\u00edzej\u00ed, abyste k nim p\u0159ivon\u011bli. Tou t\u0159et\u00ed, na kter\u00e9 se n\u00e1m p\u0159edstav\u00ed ostrav\u0161t\u00ed fotografov\u00e9, nese n\u00e1zev Ostrava m\u00fdma o\u010dima. Na t\u00e9to putovn\u00ed v\u00fdstav\u011b je mo\u017en\u00e9 se pod\u00edvat na svoje m\u011bsto nejen fotoobjektivy profesion\u00e1l\u016f. Ale vybran\u00e9 sn\u00edmky budou m\u00edt i kr\u00e1tk\u00fd slovn\u00ed doprovod s p\u0159\u00edb\u011bhem dan\u00e9 fotky. P\u0159\u00edmo od jejich autora. P\u0159ejeme v\u0161em, kte\u0159\u00ed v\u00fdstavu nav\u0161t\u00edv\u00ed, p\u0159\u00edjemn\u00e9 kulturn\u00ed\u00a0z\u00e1\u017eitky. A t\u011bm, kte\u0159\u00ed v\u00fdstavy pro n\u00e1s tvo\u0159\u00ed, velk\u00e9 pod\u011bkov\u00e1n\u00ed. Za iniciativu, kter\u00e1 i v sou\u010dasn\u00e9 dob\u011b p\u0159in\u00e1\u0161\u00ed do na\u0161ich \u017eivot\u016f kr\u00e1su a pozn\u00e1n\u00ed.\u00a0                                                                                                                                                                                                                                                                                                                                                                                        3.6\/5 - (9 votes)        "},{"@context":"https:\/\/schema.org\/","@type":"BreadcrumbList","itemListElement":[{"@type":"ListItem","position":1,"name":"Galerie Venku","item":"https:\/\/www.meribel.cz\/galerie-venku\/#breadcrumbitem"}]}]