[{"@context":"https:\/\/schema.org\/","@type":"Article","@id":"https:\/\/www.meribel.cz\/chytry-asistent\/#Article","mainEntityOfPage":"https:\/\/www.meribel.cz\/chytry-asistent\/","headline":"Chytr\u00fd asistent","name":"Chytr\u00fd asistent","description":"Je to u\u017e opravdu hodn\u011b dlouho, kdy\u017e jsem hledala n\u011bjakou kr\u00e1snou designovou lampi\u010dku, cht\u011bla jsem &hellip; ","datePublished":"2023-08-04","dateModified":"2023-08-04","author":{"@type":"Person","@id":"https:\/\/www.meribel.cz\/author\/devene\/#Person","name":"devene","url":"https:\/\/www.meribel.cz\/author\/devene\/","identifier":1,"image":{"@type":"ImageObject","@id":"https:\/\/secure.gravatar.com\/avatar\/15c4177f6d86975c976af12ba80b10af7add2f97f8786f8cf1596253472c0ea7?s=96&d=mm&r=g","url":"https:\/\/secure.gravatar.com\/avatar\/15c4177f6d86975c976af12ba80b10af7add2f97f8786f8cf1596253472c0ea7?s=96&d=mm&r=g","height":96,"width":96}},"publisher":{"@type":"Organization","name":"meribel.cz","logo":{"@type":"ImageObject","@id":"\/logo.png","url":"\/logo.png","width":600,"height":60}},"image":{"@type":"ImageObject","@id":"https:\/\/www.meribel.cz\/wp-content\/uploads\/lanterns-6933442_960_720.jpg","url":"https:\/\/www.meribel.cz\/wp-content\/uploads\/lanterns-6933442_960_720.jpg","height":0,"width":0},"url":"https:\/\/www.meribel.cz\/chytry-asistent\/","about":["Elektro"],"wordCount":417,"articleBody":"Je to u\u017e opravdu hodn\u011b dlouho, kdy\u017e jsem hledala n\u011bjakou kr\u00e1snou designovou lampi\u010dku, cht\u011bla jsem kr\u00e1snou lampi\u010dku, aby mi kr\u00e1sn\u011b ladila s mou lo\u017enic\u00ed. Lo\u017enici\u00a0m\u00e1m ud\u011blanou tak opravdu \u010dist\u011b a minimalisticky a docela i modern\u011b. Cht\u011bla jsem prvn\u011b koupit n\u011bjak\u00e9 opravdu velik\u00e9 zrcadlo, ale cht\u011bla jsem ho v takov\u00e9m barokn\u00edm stylu. Ale v\u011b\u0159te, \u017ee n\u011bkdy je to opravdu hodn\u011b slo\u017eit\u00e9 sehnat. Proto jsem si \u0159ekla, \u017ee si od n\u011bjak\u00e9ho kr\u00e1sn\u00e9ho stylov\u00e9ho barokn\u00edho zrcadla d\u00e1m pauzu a rad\u011bji se budou soust\u0159edit na n\u011bjakou lampi\u010dku. Na lampi\u010dku a dal\u0161\u00ed elektro. Cht\u011bla jsem tak\u00e9 m\u00edt z elektra chytr\u00e9ho asistenta, proto\u017ee podle m\u00e9ho n\u00e1zoru se to\u00a0opravdu vyplat\u00ed. V\u00a0posledn\u00ed dob\u011b m\u00e1m r\u00e1da, \u017ee lid\u00e9\u00a0maj\u00ed tak\u00e9 doma chytr\u00e9ho asistenta, a ne jenom jednoho, ale i v\u00edce chytr\u00fdch asistent\u016f. M\u016fj syn st\u00e1le pi\u0161t\u00ed a p\u0159emlouv\u00e1 m\u011b, abych mu tak\u00e9 po\u0159\u00eddila chytr\u00e9ho asistenta, proto\u017ee m\u016fj syn u\u017e tohle tak\u00e9 chce. A\u00a0j\u00e1 sama jsem mu \u0159ekla, \u017ee pozd\u011bji t\u0159eba a\u017e bude m\u00edt narozeniny anebo a\u017e donese dv\u011b\u00a0jedni\u010dky ze \u0161koly, tak mu chytr\u00e9ho asistenta tak\u00e9 po\u0159\u00edd\u00edm. Tak\u00e9\u00a0jsem v\u017edycky cht\u011bla m\u00edt v kuchyni takov\u00fd k\u00e1vovar, kter\u00fd mi ud\u011bl\u00e1 t\u0159eba v sedm\u00a0hodin\u00a0ihned k\u00e1vu nebo t\u0159eba kapu\u010d\u00edno nebo p\u0159ekap\u00e1vanou k\u00e1vu. Nebo \u00fapln\u011b cokoliv jin\u00e9ho, klidn\u011b i \u010daj. Sice ne, \u017ee bych se neum\u011bla ud\u011blat vlastn\u00ed k\u00e1vu z rychlovarn\u00e9 konvice, ale takov\u00e9 to luxusn\u00ed probuzen\u00ed, takov\u00e9 to p\u0159ekvapen\u00ed, \u017ee v\u00e1m n\u011bkdo ud\u011bl\u00e1 k\u00e1vu a vy to\u00a0nemus\u00edte d\u011blat, tak je to opravdu kr\u00e1sn\u00fd pocit k nezaplacen\u00ed. M\u011b\u00a0tohle bav\u00ed a neberu to jako n\u011bco extra nav\u00edc. Nebo \u017ee bych byla l\u00edn\u00e1, ale jednodu\u0161e m\u011b to bav\u00ed. M\u00e1m pr\u00e1v\u011b i chytr\u00e9ho asistenta, ale tak\u00e9 m\u00e1m chytr\u00e9 \u017e\u00e1rovky, kter\u00e9 si na d\u00e1lku mohou p\u0159es mobiln\u00ed aplikaci zapnout a vypnout. A\u00a0tak\u00e9\u00a0m\u016f\u017eu na d\u00e1lku vypnout a zapnout hudbu. V dne\u0161n\u00ed dob\u011b to m\u00e1 t\u00e9m\u011b\u0159 ka\u017ed\u00fd. Nebo co vy u\u017e\u00edv\u00e1te vy doma za elektro? M\u00e1te tak\u00e9 smart dom\u00e1cnost nebo n\u011bco podobn\u00e9ho?\u00a0                                                                                                                                                                                                                                                                                                                                                                                        4\/5 - (3 votes)        "},{"@context":"https:\/\/schema.org\/","@type":"BreadcrumbList","itemListElement":[{"@type":"ListItem","position":1,"name":"Chytr\u00fd asistent","item":"https:\/\/www.meribel.cz\/chytry-asistent\/#breadcrumbitem"}]}]