[{"@context":"https:\/\/schema.org\/","@type":"Article","@id":"https:\/\/www.meribel.cz\/anny-ondra-velka-hvezda-s-velkou-odvahou\/#Article","mainEntityOfPage":"https:\/\/www.meribel.cz\/anny-ondra-velka-hvezda-s-velkou-odvahou\/","headline":"Anny Ondra \u2013 velk\u00e1 hv\u011bzda s velkou odvahou","name":"Anny Ondra \u2013 velk\u00e1 hv\u011bzda s velkou odvahou","description":"P\u0159echod z n\u011bm\u00e9ho do zvukov\u00e9ho filmu, kter\u00fd se odehr\u00e1val na po\u010d\u00e1tku dvac\u00e1t\u00e9ho stolet\u00ed, n\u011bkter\u00e9 tehdej\u0161\u00ed &hellip; ","datePublished":"2025-03-04","dateModified":"2023-05-01","author":{"@type":"Person","@id":"https:\/\/www.meribel.cz\/author\/devene\/#Person","name":"devene","url":"https:\/\/www.meribel.cz\/author\/devene\/","identifier":1,"image":{"@type":"ImageObject","@id":"https:\/\/secure.gravatar.com\/avatar\/15c4177f6d86975c976af12ba80b10af7add2f97f8786f8cf1596253472c0ea7?s=96&d=mm&r=g","url":"https:\/\/secure.gravatar.com\/avatar\/15c4177f6d86975c976af12ba80b10af7add2f97f8786f8cf1596253472c0ea7?s=96&d=mm&r=g","height":96,"width":96}},"publisher":{"@type":"Organization","name":"meribel.cz","logo":{"@type":"ImageObject","@id":"\/logo.png","url":"\/logo.png","width":600,"height":60}},"image":{"@type":"ImageObject","@id":"https:\/\/www.meribel.cz\/wp-content\/uploads\/img_a326994_w2241_t1539164393.jpg","url":"https:\/\/www.meribel.cz\/wp-content\/uploads\/img_a326994_w2241_t1539164393.jpg","height":0,"width":0},"url":"https:\/\/www.meribel.cz\/anny-ondra-velka-hvezda-s-velkou-odvahou\/","wordCount":413,"articleBody":"P\u0159echod z n\u011bm\u00e9ho do zvukov\u00e9ho filmu, kter\u00fd se odehr\u00e1val na po\u010d\u00e1tku dvac\u00e1t\u00e9ho stolet\u00ed, n\u011bkter\u00e9 tehdej\u0161\u00ed hv\u011bzdy poh\u0159bil a z n\u011bkter\u00fdch nezn\u00e1m\u00fdch um\u011blc\u016f ud\u011blal naopak hv\u011bzdy prvn\u00ed velikosti.\u00b7\u00a0\u00a0\u00a0\u00a0\u00a0\u00a0\u00a0\u00a0 Jednou z takov\u00fdch budouc\u00edch hv\u011bzd je i here\u010dka, jej\u00ed\u017e jm\u00e9no u\u017e dnes asi m\u00e1lokomu n\u011bco \u0159ekne.\u00b7\u00a0\u00a0\u00a0\u00a0\u00a0\u00a0\u00a0 Byla to ale \u017eena skute\u010dn\u011b v\u00fdjime\u010dn\u00e1.\u00b7\u00a0\u00a0\u00a0\u00a0\u00a0\u00a0\u00a0 A nejen jako here\u010dka, ale i jako \u010dlov\u011bk.Anna Ondr\u00e1kov\u00e1, kter\u00e1 se narodila dva roky po za\u010d\u00e1tku dvac\u00e1t\u00e9ho stolet\u00ed, se stala prvn\u00ed skute\u010dnou mezin\u00e1rodn\u00ed hv\u011bzdou n\u011bm\u00e9ho a pozd\u011bji i ozvu\u010den\u00e9ho filmu.\u00b7\u00a0\u00a0\u00a0\u00a0\u00a0\u00a0\u00a0 Svou bojovnost\u00ed si dok\u00e1zala prosadit odchod ze sv\u011bta v\u0161edn\u00edho (m\u011bla se st\u00e1t po\u0161tovn\u00ed \u00fa\u0159ednic\u00ed) do sv\u011bta kulturn\u00edho.Hned prvn\u00ed jej\u00ed film m\u011bl \u00fasp\u011bch, a tak se rodi\u010de nakonec s jej\u00ed volbou sm\u00ed\u0159ili. Ve sv\u00fdch osmn\u00e1cti letech pozn\u00e1v\u00e1 dal\u0161\u00ed ikonu \u010desk\u00e9ho filmu \u2013 herce a re\u017eis\u00e9ra Karla Lama\u010de. Nav\u00e1zali spolu partnersk\u00fd vztah, kter\u00fd se po kr\u00e1tk\u00e9 chv\u00edli roz\u0161\u00ed\u0159il i na pracovn\u00ed. Zalo\u017eili spolu \u00fasp\u011b\u0161nou produk\u010dn\u00ed spole\u010dnost. Milostn\u00fd vztah skon\u010dil, pracovn\u00ed trval d\u00e1l. I ten byl v\u0161ak p\u0159eru\u0161en \u2013 a to n\u00e1stupem nacismu.\tNa pl\u00e1tn\u011b vra\u017edila, ve skute\u010dnosti \u017eivoty zachr\u00e1nilaZ Anny u\u017e ale byla natolik zn\u00e1m\u00e1 hv\u011bzda, \u017ee si mohla nab\u00eddky doslova vyb\u00edrat. Slavn\u00e1 byla v n\u011bmeck\u00e9m i rakousk\u00e9m filmu. Te\u010f u\u017e zb\u00fdvalo dos\u00e1hnout sl\u00e1vy i u britsk\u00e9ho publika. A nab\u00eddka p\u0159i\u0161la. Takov\u00e1, kter\u00e1 se neodm\u00edt\u00e1. P\u0159i\u0161el s n\u00ed toti\u017e dokonce s\u00e1m mistr filmov\u00e9ho hororu Alfred Hitchcock.\u00b7\u00a0\u00a0\u00a0\u00a0\u00a0\u00a0\u00a0\u00a0 Z na\u0161\u00ed k\u0159ehk\u00e9 blond\u00fdnky, s velk\u00fdma d\u011btsk\u00fdma o\u010dima, se stala prvn\u00ed blon\u010fat\u00e1 filmov\u00e1 vra\u017eedkyn\u011b.\u00b7\u00a0\u00a0\u00a0\u00a0\u00a0\u00a0\u00a0\u00a0 Mohli bychom ji vid\u011bt ve filmech \u201e\u2026 a neuve\u010f n\u00e1s v poku\u0161en\u00ed\u201c anebo \u201eJej\u00ed zpov\u011b\u010f\u201c.Kdy\u017e se provdala za slavn\u00e9ho a velice \u00fasp\u011b\u0161n\u00e9ho n\u011bmeck\u00e9ho boxera Maxe Schmelinga, nem\u011bl ani jeden z nich na r\u016f\u017e\u00edch ustl\u00e1no. M\u011bli b\u00fdt n\u00e1strojem nacistick\u00e9 propagandy. Nepoda\u0159ilo se. Dokonce se po v\u00e1lce p\u0159i\u0161lo na to, \u017ee na sv\u00e9m statku schov\u00e1vali dva \u017eidovsk\u00e9 chlapce.                                                                                                                                                                                                                                                                                                                                                                                        5\/5 - (6 votes)        "},{"@context":"https:\/\/schema.org\/","@type":"BreadcrumbList","itemListElement":[{"@type":"ListItem","position":1,"name":"Anny Ondra \u2013 velk\u00e1 hv\u011bzda s velkou odvahou","item":"https:\/\/www.meribel.cz\/anny-ondra-velka-hvezda-s-velkou-odvahou\/#breadcrumbitem"}]}]